{"id":24613,"date":"2020-05-27T00:59:47","date_gmt":"2020-05-27T03:59:47","guid":{"rendered":"https:\/\/www.portalalerta.com.br\/?p=24613"},"modified":"2020-09-06T15:26:11","modified_gmt":"2020-09-06T18:26:11","slug":"saiba-como-esta-a-evolucao-do-covid-19-em-crisopolis-ba","status":"publish","type":"post","link":"https:\/\/www.portalalerta.com.br\/index.php\/2020\/05\/27\/saiba-como-esta-a-evolucao-do-covid-19-em-crisopolis-ba\/","title":{"rendered":"Saiba como est\u00e1 a evolu\u00e7\u00e3o do Covid-19 em Cris\u00f3polis-BA"},"content":{"rendered":"<p style=\"text-align: justify;\">O munic\u00edpio de Cris\u00f3polis-BA, registrou o primeiro caso de Covid-19 (Coronav\u00edrus), no dia 11 de maio de 2020. Na ocasi\u00e3o, a pessoa que j\u00e1 estava no munic\u00edpio h\u00e1 alguns dias, por\u00e9m rec\u00e9m chegada de S\u00e3o Paulo, testou positivo para doen\u00e7a ap\u00f3s sentir alguns sintomas e realizar o teste r\u00e1pido.<!--more--><\/p>\n<p style=\"text-align: justify;\">A 11\u00aa semana foi considerada o pior per\u00edodo desde o in\u00edcio da pandemia, com 74 novos casos.<\/p>\n<h2 style=\"text-align: justify;\"><strong>Confira os gr\u00e1ficos:<\/strong><\/h2>\n<figure id=\"attachment_29198\" aria-describedby=\"caption-attachment-29198\" style=\"width: 540px\" class=\"wp-caption aligncenter\"><img fetchpriority=\"high\" decoding=\"async\" class=\"wp-image-29198 size-full\" src=\"https:\/\/www.portalalerta.com.br\/wp-content\/uploads\/2020\/05\/gr\u00e1fico-covid19-em-Cris\u00f3polis-2020.6.jpg\" alt=\"\" width=\"540\" height=\"430\" srcset=\"https:\/\/www.portalalerta.com.br\/wp-content\/uploads\/2020\/05\/gr\u00e1fico-covid19-em-Cris\u00f3polis-2020.6.jpg 540w, https:\/\/www.portalalerta.com.br\/wp-content\/uploads\/2020\/05\/gr\u00e1fico-covid19-em-Cris\u00f3polis-2020.6-301x240.jpg 301w, https:\/\/www.portalalerta.com.br\/wp-content\/uploads\/2020\/05\/gr\u00e1fico-covid19-em-Cris\u00f3polis-2020.6-183x146.jpg 183w, https:\/\/www.portalalerta.com.br\/wp-content\/uploads\/2020\/05\/gr\u00e1fico-covid19-em-Cris\u00f3polis-2020.6-50x40.jpg 50w, https:\/\/www.portalalerta.com.br\/wp-content\/uploads\/2020\/05\/gr\u00e1fico-covid19-em-Cris\u00f3polis-2020.6-94x75.jpg 94w\" sizes=\"(max-width: 540px) 100vw, 540px\" \/><figcaption id=\"caption-attachment-29198\" class=\"wp-caption-text\">Ao todo 242 pessoas foram infectadas em Cris\u00f3polis-BA<\/figcaption><\/figure>\n<p>&nbsp;<\/p>\n<figure id=\"attachment_29199\" aria-describedby=\"caption-attachment-29199\" style=\"width: 540px\" class=\"wp-caption aligncenter\"><img decoding=\"async\" class=\"wp-image-29199 size-full\" src=\"https:\/\/www.portalalerta.com.br\/wp-content\/uploads\/2020\/05\/gr\u00e1fico-covid19-em-Cris\u00f3polis-2020.7.jpg\" alt=\"\" width=\"540\" height=\"430\" srcset=\"https:\/\/www.portalalerta.com.br\/wp-content\/uploads\/2020\/05\/gr\u00e1fico-covid19-em-Cris\u00f3polis-2020.7.jpg 540w, https:\/\/www.portalalerta.com.br\/wp-content\/uploads\/2020\/05\/gr\u00e1fico-covid19-em-Cris\u00f3polis-2020.7-301x240.jpg 301w, https:\/\/www.portalalerta.com.br\/wp-content\/uploads\/2020\/05\/gr\u00e1fico-covid19-em-Cris\u00f3polis-2020.7-183x146.jpg 183w, https:\/\/www.portalalerta.com.br\/wp-content\/uploads\/2020\/05\/gr\u00e1fico-covid19-em-Cris\u00f3polis-2020.7-50x40.jpg 50w, https:\/\/www.portalalerta.com.br\/wp-content\/uploads\/2020\/05\/gr\u00e1fico-covid19-em-Cris\u00f3polis-2020.7-94x75.jpg 94w\" sizes=\"(max-width: 540px) 100vw, 540px\" \/><figcaption id=\"caption-attachment-29199\" class=\"wp-caption-text\">231 pessoas foram curadas e 06 evolu\u00edram a \u00f3bito, no munic\u00edpio<\/figcaption><\/figure>\n<h2 style=\"text-align: justify;\">Quadro Epidemiol\u00f3gico de Cris\u00f3polis-BA:<\/h2>\n<p style=\"text-align: justify;\"><strong>Infectados:<\/strong>\u00a0242<\/p>\n<p style=\"text-align: justify;\"><strong>Em tratamento:<\/strong>\u00a005<\/p>\n<p style=\"text-align: justify;\"><strong>Curados:<\/strong>\u00a0231<\/p>\n<p style=\"text-align: justify;\"><strong>\u00d3bitos:<\/strong> 06<\/p>\n<p style=\"text-align: justify;\"><em>Reda\u00e7\u00e3o: Portal Alerta<\/em><\/p>\n<p style=\"text-align: justify;\"><strong><em>#fiqueemcasa<\/em><\/strong><\/p>\n<p><em><strong>#usemascaras<\/strong><\/em><\/p>\n","protected":false},"excerpt":{"rendered":"<p>O munic\u00edpio de Cris\u00f3polis-BA, registrou o primeiro caso de Covid-19 (Coronav\u00edrus), no dia 11 de maio de 2020. Na ocasi\u00e3o, a pessoa que j\u00e1 estava no munic\u00edpio h\u00e1 alguns dias, por\u00e9m rec\u00e9m chegada de S\u00e3o Paulo, testou positivo para doen\u00e7a ap\u00f3s sentir alguns sintomas e realizar o teste r\u00e1pido.<\/p>\n","protected":false},"author":2,"featured_media":24616,"comment_status":"open","ping_status":"open","sticky":false,"template":"","format":"standard","meta":{"om_disable_all_campaigns":false,"_monsterinsights_skip_tracking":false,"_monsterinsights_sitenote_active":false,"_monsterinsights_sitenote_note":"","_monsterinsights_sitenote_category":0,"footnotes":""},"categories":[42,69,32,19],"tags":[3429,3486,46,61],"class_list":["post-24613","post","type-post","status-publish","format-standard","has-post-thumbnail","hentry","category-crisopolis","category-noticias2","category-regiao","category-saude","tag-coronavirus","tag-covid-19","tag-crisopolis","tag-saude"],"aioseo_notices":[],"_links":{"self":[{"href":"https:\/\/www.portalalerta.com.br\/index.php\/wp-json\/wp\/v2\/posts\/24613","targetHints":{"allow":["GET"]}}],"collection":[{"href":"https:\/\/www.portalalerta.com.br\/index.php\/wp-json\/wp\/v2\/posts"}],"about":[{"href":"https:\/\/www.portalalerta.com.br\/index.php\/wp-json\/wp\/v2\/types\/post"}],"author":[{"embeddable":true,"href":"https:\/\/www.portalalerta.com.br\/index.php\/wp-json\/wp\/v2\/users\/2"}],"replies":[{"embeddable":true,"href":"https:\/\/www.portalalerta.com.br\/index.php\/wp-json\/wp\/v2\/comments?post=24613"}],"version-history":[{"count":30,"href":"https:\/\/www.portalalerta.com.br\/index.php\/wp-json\/wp\/v2\/posts\/24613\/revisions"}],"predecessor-version":[{"id":29200,"href":"https:\/\/www.portalalerta.com.br\/index.php\/wp-json\/wp\/v2\/posts\/24613\/revisions\/29200"}],"wp:featuredmedia":[{"embeddable":true,"href":"https:\/\/www.portalalerta.com.br\/index.php\/wp-json\/wp\/v2\/media\/24616"}],"wp:attachment":[{"href":"https:\/\/www.portalalerta.com.br\/index.php\/wp-json\/wp\/v2\/media?parent=24613"}],"wp:term":[{"taxonomy":"category","embeddable":true,"href":"https:\/\/www.portalalerta.com.br\/index.php\/wp-json\/wp\/v2\/categories?post=24613"},{"taxonomy":"post_tag","embeddable":true,"href":"https:\/\/www.portalalerta.com.br\/index.php\/wp-json\/wp\/v2\/tags?post=24613"}],"curies":[{"name":"wp","href":"https:\/\/api.w.org\/{rel}","templated":true}]}}