{"id":24618,"date":"2020-05-27T01:05:08","date_gmt":"2020-05-27T04:05:08","guid":{"rendered":"https:\/\/www.portalalerta.com.br\/?p=24618"},"modified":"2020-09-25T21:53:42","modified_gmt":"2020-09-26T00:53:42","slug":"saiba-como-esta-a-evolucao-do-covid-19-em-banzae-ba","status":"publish","type":"post","link":"https:\/\/www.portalalerta.com.br\/index.php\/2020\/05\/27\/saiba-como-esta-a-evolucao-do-covid-19-em-banzae-ba\/","title":{"rendered":"Saiba como est\u00e1 a evolu\u00e7\u00e3o do Covid-19 em Banza\u00ea-BA"},"content":{"rendered":"<p style=\"text-align: justify;\">O munic\u00edpio de Banza\u00ea-BA, registrou o primeiro caso de Covid-19 (Coronav\u00edrus), no dia 14 de maio de 2020. Na ocasi\u00e3o, o paciente foi identificado como um homem de 37 anos de idade, oriundo do Estado de S\u00e3o Paulo, apresentando sintomas leves da doen\u00e7a.<!--more--><\/p>\n<p style=\"text-align: justify;\">A 18\u00aa semana foi considera o per\u00edodo mais cr\u00edtico desde o in\u00edcio da pandemia, com 43 novos casos.<\/p>\n<h2 style=\"text-align: justify;\">Confira os gr\u00e1ficos:<\/h2>\n<p><img fetchpriority=\"high\" decoding=\"async\" class=\"wp-image-28317 size-full\" src=\"https:\/\/www.portalalerta.com.br\/wp-content\/uploads\/2020\/05\/gr\u00e1fico-covid19-em-Banza\u00ea-2020.6.jpg\" alt=\"\" width=\"540\" height=\"430\" \/><\/p>\n<figure id=\"attachment_29640\" aria-describedby=\"caption-attachment-29640\" style=\"width: 540px\" class=\"wp-caption aligncenter\"><img decoding=\"async\" class=\"wp-image-29640 size-full\" src=\"https:\/\/www.portalalerta.com.br\/wp-content\/uploads\/2020\/05\/gr\u00e1fico-covid19-em-Banza\u00ea-2020.19.jpg\" alt=\"\" width=\"540\" height=\"430\" srcset=\"https:\/\/www.portalalerta.com.br\/wp-content\/uploads\/2020\/05\/gr\u00e1fico-covid19-em-Banza\u00ea-2020.19.jpg 540w, https:\/\/www.portalalerta.com.br\/wp-content\/uploads\/2020\/05\/gr\u00e1fico-covid19-em-Banza\u00ea-2020.19-301x240.jpg 301w, https:\/\/www.portalalerta.com.br\/wp-content\/uploads\/2020\/05\/gr\u00e1fico-covid19-em-Banza\u00ea-2020.19-183x146.jpg 183w, https:\/\/www.portalalerta.com.br\/wp-content\/uploads\/2020\/05\/gr\u00e1fico-covid19-em-Banza\u00ea-2020.19-50x40.jpg 50w, https:\/\/www.portalalerta.com.br\/wp-content\/uploads\/2020\/05\/gr\u00e1fico-covid19-em-Banza\u00ea-2020.19-94x75.jpg 94w\" sizes=\"(max-width: 540px) 100vw, 540px\" \/><figcaption id=\"caption-attachment-29640\" class=\"wp-caption-text\">Ao todo 246 pessoas foram infectadas em Banza\u00ea-BA<\/figcaption><\/figure>\n<p>&nbsp;<\/p>\n<figure id=\"attachment_29641\" aria-describedby=\"caption-attachment-29641\" style=\"width: 540px\" class=\"wp-caption aligncenter\"><img decoding=\"async\" class=\"wp-image-29641 size-full\" src=\"https:\/\/www.portalalerta.com.br\/wp-content\/uploads\/2020\/05\/gr\u00e1fico-covid19-em-Banza\u00ea-2020.20.jpg\" alt=\"\" width=\"540\" height=\"430\" srcset=\"https:\/\/www.portalalerta.com.br\/wp-content\/uploads\/2020\/05\/gr\u00e1fico-covid19-em-Banza\u00ea-2020.20.jpg 540w, https:\/\/www.portalalerta.com.br\/wp-content\/uploads\/2020\/05\/gr\u00e1fico-covid19-em-Banza\u00ea-2020.20-301x240.jpg 301w, https:\/\/www.portalalerta.com.br\/wp-content\/uploads\/2020\/05\/gr\u00e1fico-covid19-em-Banza\u00ea-2020.20-183x146.jpg 183w, https:\/\/www.portalalerta.com.br\/wp-content\/uploads\/2020\/05\/gr\u00e1fico-covid19-em-Banza\u00ea-2020.20-50x40.jpg 50w, https:\/\/www.portalalerta.com.br\/wp-content\/uploads\/2020\/05\/gr\u00e1fico-covid19-em-Banza\u00ea-2020.20-94x75.jpg 94w\" sizes=\"(max-width: 540px) 100vw, 540px\" \/><figcaption id=\"caption-attachment-29641\" class=\"wp-caption-text\">At\u00e9 o momento 209 pessoas foram curadas no munic\u00edpio, e 01 evoluiu a \u00f3bito<\/figcaption><\/figure>\n<h2 style=\"text-align: justify;\">Quadro Epidemiol\u00f3gico de Banza\u00ea-BA:<\/h2>\n<p style=\"text-align: justify;\"><strong>Infectados:<\/strong>\u00a0246<\/p>\n<p style=\"text-align: justify;\"><strong>Em tratamento:<\/strong>\u00a036<\/p>\n<p style=\"text-align: justify;\"><strong>Curados:<\/strong>\u00a0209<\/p>\n<p style=\"text-align: justify;\"><strong>\u00d3bitos:<\/strong> 01<\/p>\n<p style=\"text-align: justify;\"><em>Reda\u00e7\u00e3o: Portal Alerta<\/em><\/p>\n<p style=\"text-align: justify;\"><strong><em>#fiqueemcasa<\/em><\/strong><\/p>\n<p><em><strong>#usemascaras<\/strong><\/em><\/p>\n","protected":false},"excerpt":{"rendered":"<p>O munic\u00edpio de Banza\u00ea-BA, registrou o primeiro caso de Covid-19 (Coronav\u00edrus), no dia 14 de maio de 2020. Na ocasi\u00e3o, o paciente foi identificado como um homem de 37 anos de idade, oriundo do Estado de S\u00e3o Paulo, apresentando sintomas leves da doen\u00e7a.<\/p>\n","protected":false},"author":2,"featured_media":20224,"comment_status":"open","ping_status":"open","sticky":false,"template":"","format":"standard","meta":{"om_disable_all_campaigns":false,"_monsterinsights_skip_tracking":false,"_monsterinsights_sitenote_active":false,"_monsterinsights_sitenote_note":"","_monsterinsights_sitenote_category":0,"footnotes":""},"categories":[39,69,32,19],"tags":[49,3429,3486,61],"class_list":["post-24618","post","type-post","status-publish","format-standard","has-post-thumbnail","hentry","category-banzae","category-noticias2","category-regiao","category-saude","tag-banzae","tag-coronavirus","tag-covid-19","tag-saude"],"aioseo_notices":[],"_links":{"self":[{"href":"https:\/\/www.portalalerta.com.br\/index.php\/wp-json\/wp\/v2\/posts\/24618","targetHints":{"allow":["GET"]}}],"collection":[{"href":"https:\/\/www.portalalerta.com.br\/index.php\/wp-json\/wp\/v2\/posts"}],"about":[{"href":"https:\/\/www.portalalerta.com.br\/index.php\/wp-json\/wp\/v2\/types\/post"}],"author":[{"embeddable":true,"href":"https:\/\/www.portalalerta.com.br\/index.php\/wp-json\/wp\/v2\/users\/2"}],"replies":[{"embeddable":true,"href":"https:\/\/www.portalalerta.com.br\/index.php\/wp-json\/wp\/v2\/comments?post=24618"}],"version-history":[{"count":35,"href":"https:\/\/www.portalalerta.com.br\/index.php\/wp-json\/wp\/v2\/posts\/24618\/revisions"}],"predecessor-version":[{"id":29642,"href":"https:\/\/www.portalalerta.com.br\/index.php\/wp-json\/wp\/v2\/posts\/24618\/revisions\/29642"}],"wp:featuredmedia":[{"embeddable":true,"href":"https:\/\/www.portalalerta.com.br\/index.php\/wp-json\/wp\/v2\/media\/20224"}],"wp:attachment":[{"href":"https:\/\/www.portalalerta.com.br\/index.php\/wp-json\/wp\/v2\/media?parent=24618"}],"wp:term":[{"taxonomy":"category","embeddable":true,"href":"https:\/\/www.portalalerta.com.br\/index.php\/wp-json\/wp\/v2\/categories?post=24618"},{"taxonomy":"post_tag","embeddable":true,"href":"https:\/\/www.portalalerta.com.br\/index.php\/wp-json\/wp\/v2\/tags?post=24618"}],"curies":[{"name":"wp","href":"https:\/\/api.w.org\/{rel}","templated":true}]}}