{"id":24630,"date":"2020-05-27T01:53:35","date_gmt":"2020-05-27T04:53:35","guid":{"rendered":"https:\/\/www.portalalerta.com.br\/?p=24630"},"modified":"2020-05-27T01:53:35","modified_gmt":"2020-05-27T04:53:35","slug":"assim-como-o-governo-do-estado-ribeira-do-pombal-ba-antecipa-feriado-municipal-para-esta-quarta-feira-27","status":"publish","type":"post","link":"https:\/\/www.portalalerta.com.br\/index.php\/2020\/05\/27\/assim-como-o-governo-do-estado-ribeira-do-pombal-ba-antecipa-feriado-municipal-para-esta-quarta-feira-27\/","title":{"rendered":"Assim como o Governo do Estado, Ribeira do Pombal-BA antecipa feriado Municipal para esta quarta-feira, 27"},"content":{"rendered":"<p style=\"text-align: justify;\">O prefeito de Ribeira do Pombal-BA, Ricardo Maia, publicou no Di\u00e1rio Oficial do Munic\u00edpio, desta ter\u00e7a-feira, 26, o Decreto N\u00ba 045, em que antecipa o feriado Municipal de 19 de setembro, data em que se comemora a emancipa\u00e7\u00e3o pol\u00edtica da cidade, para esta quarta-feira, 27.<!--more--><\/p>\n<p style=\"text-align: justify;\">A data sucede a outros dois feriados que foram antecipados pelo Governo do Estado. Na segunda-feira, 25, e ter\u00e7a-feira, 26, foram antecipados os feriados de S\u00e3o Jo\u00e3o, comemorado no dia 24 de junho, e independ\u00eancia da Bahia, comemorado no dia 02 de julho. <a href=\"http:\/\/doem.org.br\/ba\/ribeiradopombal\"><strong>Veja aqui o Decreto Municipal!<\/strong><\/a><\/p>\n<p style=\"text-align: justify;\"><img fetchpriority=\"high\" decoding=\"async\" class=\"size-thumbnail wp-image-23589 aligncenter\" src=\"https:\/\/www.portalalerta.com.br\/wp-content\/uploads\/2020\/04\/real-acordo-720x93.jpg\" alt=\"\" width=\"720\" height=\"93\" \/>O objetivo \u00e9 fazer com que as pessoas permane\u00e7am em suas casas, no momento em que especialistas afirmam que o pa\u00eds se aproxima do momento mais cr\u00edtico referente ao Covid-19. Em Ribeira do Pombal-BA, somente entre o domingo, 24, e a ter\u00e7a-feira, 26, houve o registro de mais quatro pessoas infectadas, tr\u00eas a mais que toda a semana passada.<\/p>\n<p style=\"text-align: justify;\">Na regi\u00e3o, dos 21 munic\u00edpios que o PORTAL ALERTA realiza o levantamento, somente na semana passada foram registrados 28 novos casos, enquanto entre o \u00faltimo domingo e ter\u00e7a-feira, mais 16 pessoas foram testadas como reagentes para a doen\u00e7a.<\/p>\n<p style=\"text-align: justify;\"><a href=\"https:\/\/www.portalalerta.com.br\/index.php\/2020\/05\/26\/saiba-como-esta-a-evolucao-do-covid-19-em-ribeira-do-pombal-ba\/\"><strong>Clique aqui e saiba como est\u00e1 a evolu\u00e7\u00e3o do Covid-19 em Ribeira do Pombal-BA<\/strong><\/a><\/p>\n<p style=\"text-align: justify;\"><em>Reda\u00e7\u00e3o: Portal Alerta<\/em><\/p>\n<p style=\"text-align: justify;\"><strong><em>#fiqueemcasa<\/em><\/strong><\/p>\n","protected":false},"excerpt":{"rendered":"<p>O prefeito de Ribeira do Pombal-BA, Ricardo Maia, publicou no Di\u00e1rio Oficial do Munic\u00edpio, desta ter\u00e7a-feira, 26, o Decreto N\u00ba 045, em que antecipa o feriado Municipal de 19 de setembro, data em que se comemora a emancipa\u00e7\u00e3o pol\u00edtica da cidade, para esta quarta-feira, 27.<\/p>\n","protected":false},"author":2,"featured_media":23657,"comment_status":"open","ping_status":"open","sticky":false,"template":"","format":"standard","meta":{"om_disable_all_campaigns":false,"_monsterinsights_skip_tracking":false,"_monsterinsights_sitenote_active":false,"_monsterinsights_sitenote_note":"","_monsterinsights_sitenote_category":0,"footnotes":""},"categories":[70,69,21,32,3,19],"tags":[3675,2991,847,198,47],"class_list":["post-24630","post","type-post","status-publish","format-standard","has-post-thumbnail","hentry","category-destaques","category-noticias2","category-politica","category-regiao","category-ribeira-do-pombal","category-saude","tag-antecipacao","tag-decreto-municipal","tag-feriado","tag-prefeito","tag-ribeira-do-pombal"],"aioseo_notices":[],"_links":{"self":[{"href":"https:\/\/www.portalalerta.com.br\/index.php\/wp-json\/wp\/v2\/posts\/24630","targetHints":{"allow":["GET"]}}],"collection":[{"href":"https:\/\/www.portalalerta.com.br\/index.php\/wp-json\/wp\/v2\/posts"}],"about":[{"href":"https:\/\/www.portalalerta.com.br\/index.php\/wp-json\/wp\/v2\/types\/post"}],"author":[{"embeddable":true,"href":"https:\/\/www.portalalerta.com.br\/index.php\/wp-json\/wp\/v2\/users\/2"}],"replies":[{"embeddable":true,"href":"https:\/\/www.portalalerta.com.br\/index.php\/wp-json\/wp\/v2\/comments?post=24630"}],"version-history":[{"count":1,"href":"https:\/\/www.portalalerta.com.br\/index.php\/wp-json\/wp\/v2\/posts\/24630\/revisions"}],"predecessor-version":[{"id":24631,"href":"https:\/\/www.portalalerta.com.br\/index.php\/wp-json\/wp\/v2\/posts\/24630\/revisions\/24631"}],"wp:featuredmedia":[{"embeddable":true,"href":"https:\/\/www.portalalerta.com.br\/index.php\/wp-json\/wp\/v2\/media\/23657"}],"wp:attachment":[{"href":"https:\/\/www.portalalerta.com.br\/index.php\/wp-json\/wp\/v2\/media?parent=24630"}],"wp:term":[{"taxonomy":"category","embeddable":true,"href":"https:\/\/www.portalalerta.com.br\/index.php\/wp-json\/wp\/v2\/categories?post=24630"},{"taxonomy":"post_tag","embeddable":true,"href":"https:\/\/www.portalalerta.com.br\/index.php\/wp-json\/wp\/v2\/tags?post=24630"}],"curies":[{"name":"wp","href":"https:\/\/api.w.org\/{rel}","templated":true}]}}