{"id":24690,"date":"2020-05-28T18:26:33","date_gmt":"2020-05-28T21:26:33","guid":{"rendered":"https:\/\/www.portalalerta.com.br\/?p=24690"},"modified":"2020-05-28T22:20:27","modified_gmt":"2020-05-29T01:20:27","slug":"mais-dois-novos-casos-confirmados-e-um-curado-de-covid-19-em-ribeira-do-pombal-ba","status":"publish","type":"post","link":"https:\/\/www.portalalerta.com.br\/index.php\/2020\/05\/28\/mais-dois-novos-casos-confirmados-e-um-curado-de-covid-19-em-ribeira-do-pombal-ba\/","title":{"rendered":"Mais dois novos casos confirmados, e um curado de Covid-19, em Ribeira do Pombal-BA"},"content":{"rendered":"<p style=\"text-align: justify;\">Na manh\u00e3 desta quinta-feira, 28, o Boletim Epidemiol\u00f3gico de Ribeira do Pombal-BA, divulgou a d\u00e9cima cura de Covid-19 (Coronav\u00edrus), em Ribeira do Pombal-BA.<!--more--><\/p>\n<p style=\"text-align: justify;\"><img fetchpriority=\"high\" decoding=\"async\" class=\"size-thumbnail wp-image-9394 alignleft\" src=\"https:\/\/www.portalalerta.com.br\/wp-content\/uploads\/2018\/07\/05elab-320x240.jpg\" alt=\"\" width=\"320\" height=\"240\" srcset=\"https:\/\/www.portalalerta.com.br\/wp-content\/uploads\/2018\/07\/05elab-320x240.jpg 320w, https:\/\/www.portalalerta.com.br\/wp-content\/uploads\/2018\/07\/05elab-195x146.jpg 195w, https:\/\/www.portalalerta.com.br\/wp-content\/uploads\/2018\/07\/05elab-50x38.jpg 50w, https:\/\/www.portalalerta.com.br\/wp-content\/uploads\/2018\/07\/05elab-100x75.jpg 100w, https:\/\/www.portalalerta.com.br\/wp-content\/uploads\/2018\/07\/05elab.jpg 400w\" sizes=\"(max-width: 320px) 100vw, 320px\" \/>O que seria a boa not\u00edcia do dia permaneceu em evid\u00eancia apenas por algumas horas. J\u00e1 era noite, quando o munic\u00edpio divulgou uma nota, atrav\u00e9s da Secretaria de Sa\u00fade, confirmando mais dois casos positivos da doen\u00e7a.<\/p>\n<p style=\"text-align: justify;\">O primeiro caso se refere a uma jovem de 28 anos, que teve contato com um profissional de sa\u00fade que trabalha no munic\u00edpio, e tamb\u00e9m testou positivo. J\u00e1 a segunda, \u00e9 uma mulher de 41 anos, que teve contato durante as atividades laborais, com outro paciente confirmado para a doen\u00e7a no \u00faltimo dia 26.<\/p>\n<p style=\"text-align: justify;\">As duas pacientes est\u00e3o est\u00e1veis, sem registros de doen\u00e7as pr\u00e9vias, e seguem em isolamento domiciliar, juntamente com os seus contatos.<\/p>\n<p style=\"text-align: justify;\"><a href=\"https:\/\/www.portalalerta.com.br\/index.php\/2020\/05\/26\/saiba-como-esta-a-evolucao-do-covid-19-em-ribeira-do-pombal-ba\/\"><strong>Saiba como est\u00e1 a evolu\u00e7\u00e3o do Covid-19 em Ribeira do Pombal-BA<\/strong><\/a><\/p>\n<p style=\"text-align: justify;\"><em>Reda\u00e7\u00e3o: Portal Alerta<\/em><\/p>\n<p style=\"text-align: justify;\"><strong><em>#fiqueemcasa<\/em><\/strong><\/p>\n","protected":false},"excerpt":{"rendered":"<p>Na manh\u00e3 desta quinta-feira, 28, o Boletim Epidemiol\u00f3gico de Ribeira do Pombal-BA, divulgou a d\u00e9cima cura de Covid-19 (Coronav\u00edrus), em Ribeira do Pombal-BA.<\/p>\n","protected":false},"author":2,"featured_media":23627,"comment_status":"open","ping_status":"open","sticky":false,"template":"","format":"standard","meta":{"om_disable_all_campaigns":false,"_monsterinsights_skip_tracking":false,"_monsterinsights_sitenote_active":false,"_monsterinsights_sitenote_note":"","_monsterinsights_sitenote_category":0,"footnotes":""},"categories":[70,69,32,3,19],"tags":[3429,3486,3454,3560,47,61],"class_list":["post-24690","post","type-post","status-publish","format-standard","has-post-thumbnail","hentry","category-destaques","category-noticias2","category-regiao","category-ribeira-do-pombal","category-saude","tag-coronavirus","tag-covid-19","tag-cura","tag-infectados","tag-ribeira-do-pombal","tag-saude"],"aioseo_notices":[],"_links":{"self":[{"href":"https:\/\/www.portalalerta.com.br\/index.php\/wp-json\/wp\/v2\/posts\/24690","targetHints":{"allow":["GET"]}}],"collection":[{"href":"https:\/\/www.portalalerta.com.br\/index.php\/wp-json\/wp\/v2\/posts"}],"about":[{"href":"https:\/\/www.portalalerta.com.br\/index.php\/wp-json\/wp\/v2\/types\/post"}],"author":[{"embeddable":true,"href":"https:\/\/www.portalalerta.com.br\/index.php\/wp-json\/wp\/v2\/users\/2"}],"replies":[{"embeddable":true,"href":"https:\/\/www.portalalerta.com.br\/index.php\/wp-json\/wp\/v2\/comments?post=24690"}],"version-history":[{"count":2,"href":"https:\/\/www.portalalerta.com.br\/index.php\/wp-json\/wp\/v2\/posts\/24690\/revisions"}],"predecessor-version":[{"id":24699,"href":"https:\/\/www.portalalerta.com.br\/index.php\/wp-json\/wp\/v2\/posts\/24690\/revisions\/24699"}],"wp:featuredmedia":[{"embeddable":true,"href":"https:\/\/www.portalalerta.com.br\/index.php\/wp-json\/wp\/v2\/media\/23627"}],"wp:attachment":[{"href":"https:\/\/www.portalalerta.com.br\/index.php\/wp-json\/wp\/v2\/media?parent=24690"}],"wp:term":[{"taxonomy":"category","embeddable":true,"href":"https:\/\/www.portalalerta.com.br\/index.php\/wp-json\/wp\/v2\/categories?post=24690"},{"taxonomy":"post_tag","embeddable":true,"href":"https:\/\/www.portalalerta.com.br\/index.php\/wp-json\/wp\/v2\/tags?post=24690"}],"curies":[{"name":"wp","href":"https:\/\/api.w.org\/{rel}","templated":true}]}}