{"id":24696,"date":"2020-05-28T22:17:36","date_gmt":"2020-05-29T01:17:36","guid":{"rendered":"https:\/\/www.portalalerta.com.br\/?p=24696"},"modified":"2020-05-28T22:21:39","modified_gmt":"2020-05-29T01:21:39","slug":"aras-se-manifesta-contra-apreensao-de-celular-de-bolsonaro","status":"publish","type":"post","link":"https:\/\/www.portalalerta.com.br\/index.php\/2020\/05\/28\/aras-se-manifesta-contra-apreensao-de-celular-de-bolsonaro\/","title":{"rendered":"Aras se manifesta contra apreens\u00e3o de celular de Bolsonaro"},"content":{"rendered":"<p style=\"text-align: justify;\">Augusto Aras, procurador-geral da Rep\u00fablica, se manifestou contrariamente no Supremo Tribunal Federal (STF) quanto a apreens\u00e3o dos celulares do presidente\u00a0Jair Bolsonaro\u00a0(sem partido).<!--more--><\/p>\n<p style=\"text-align: justify;\">A solicita\u00e7\u00e3o partiu de partidos pol\u00edticos (PDT, PSB e PV) e parlamentares na investiga\u00e7\u00e3o sobre a suposta interfer\u00eancia pol\u00edtica do presidente na Pol\u00edcia Federal, que veio \u00e0 tona ap\u00f3s a sa\u00edda de\u00a0Sergio Moro\u00a0do governo federal.<\/p>\n<p style=\"text-align: justify;\">Os partidos afirmavam que a acusa\u00e7\u00e3o feita por Moro precisam da &#8220;produ\u00e7\u00e3o antecipada de provas diante do iminente risco de perecimento&#8221;. Por esse motivo, al\u00e9m do celular do presidente, eles pediam a apreens\u00e3o para per\u00edcia dos aparelhos de: Carlos Bolsonaro (Republicanos), vereador carioca, filho do presidente; Carla Zambelli (PSL-SP), deputada federal, aliada de Bolsonaro; Maur\u00edcio Valeixo, ex-diretor-geral da PF e Sergio Moro, ex-ministro da Justi\u00e7a<\/p>\n<p style=\"text-align: justify;\"><img fetchpriority=\"high\" decoding=\"async\" class=\"size-thumbnail wp-image-23589 aligncenter\" src=\"https:\/\/www.portalalerta.com.br\/wp-content\/uploads\/2020\/04\/real-acordo-720x93.jpg\" alt=\"\" width=\"720\" height=\"93\" \/>Para o PGR, a investiga\u00e7\u00e3o \u00e9 compet\u00eancia do Minist\u00e9rio P\u00fablico Federal, n\u00e3o cabendo assim interven\u00e7\u00e3o de terceiros (partidos pol\u00edticos e parlamentares) no processo.<\/p>\n<p style=\"text-align: justify;\">\u201cTratando-se de investiga\u00e7\u00e3o em face de autoridades titulares de foro por prerrogativa de fun\u00e7\u00e3o perante o Supremo Tribunal Federal, como corol\u00e1rio da titularidade da a\u00e7\u00e3o penal p\u00fablica, cabe ao Procurador-Geral da Rep\u00fablica o pedido de abertura de inqu\u00e9rito, bem como a indica\u00e7\u00e3o das dilig\u00eancias investigativas, sem preju\u00edzo do acompanhamento de todo o seu tr\u00e2mite por todos os cidad\u00e3os\u201d, escreveu o PGR.<\/p>\n<p style=\"text-align: justify;\">O pedido de apreens\u00e3o foi enviado por Celso de Mello, decano do STF, que \u00e9 o relator do caso, para Aras. A a\u00e7\u00e3o \u00e9 praxe nesse cen\u00e1rio. Cabe \u00e0 PGR propor investiga\u00e7\u00e3o do presidente.<\/p>\n<p style=\"text-align: justify;\"><strong>Poss\u00edvel apreens\u00e3o gerou tens\u00e3o<\/strong><\/p>\n<p style=\"text-align: justify;\">Ap\u00f3s o encaminhamento realizado pelo ministro Celso de Mello, Augusto Heleno, ministro-chefe do Gabinete de Seguran\u00e7a Institucional, divulgou uma nota com tom r\u00edspido, que acabou gerando rea\u00e7\u00f5es ao redor do pa\u00eds.<\/p>\n<p style=\"text-align: justify;\">Heleno afirmou que o despacho de Celso de Mello era, de certa forma, \u201cinacredit\u00e1vel\u201d, ignorando o fato de que a a\u00e7\u00e3o \u00e9 a praxe em casos como esse.<\/p>\n<p style=\"text-align: justify;\">\u201cO pedido de apreens\u00e3o do celular do presidente da rep\u00fablica \u00e9 inconceb\u00edvel e, at\u00e9 certo ponto, inacredit\u00e1vel. Caso se efetivasse, seria uma afronta \u00e0 autoridade m\u00e1xima do poder Executivo e uma interfer\u00eancia inadmiss\u00edvel de outro poder na privacidade do presidente da rep\u00fablica e na seguran\u00e7a institucional do pa\u00eds. O Gabinete de Seguran\u00e7a Institucional da Presid\u00eancia da Rep\u00fablica alerta as autoridades constitu\u00eddas que tal atitude \u00e9 uma evidente tentativa de comprometer a harmonia entre os poderes e poder\u00e1 ter consequ\u00eancias imprevis\u00edveis para a estabilidade nacional\u201d, escreveu Heleno.<\/p>\n<p style=\"text-align: justify;\">Horas depois, Bolsonaro compartilhou a mensagem de Augusto Heleno, dando a entender que endossava a mensagem.<\/p>\n<p style=\"text-align: justify;\"><em>Fonte: Yahoo Not\u00edcias<\/em><\/p>\n","protected":false},"excerpt":{"rendered":"<p>Augusto Aras, procurador-geral da Rep\u00fablica, se manifestou contrariamente no Supremo Tribunal Federal (STF) quanto a apreens\u00e3o dos celulares do presidente\u00a0Jair Bolsonaro\u00a0(sem partido).<\/p>\n","protected":false},"author":2,"featured_media":19249,"comment_status":"open","ping_status":"open","sticky":false,"template":"","format":"standard","meta":{"om_disable_all_campaigns":false,"_monsterinsights_skip_tracking":false,"_monsterinsights_sitenote_active":false,"_monsterinsights_sitenote_note":"","_monsterinsights_sitenote_category":0,"footnotes":""},"categories":[34,70,69,21],"tags":[3673,143,3099,93,1395,411,216],"class_list":["post-24696","post","type-post","status-publish","format-standard","has-post-thumbnail","hentry","category-brasil","category-destaques","category-noticias2","category-politica","tag-aparelho-celular","tag-apreensao","tag-augusto-aras","tag-brasil","tag-jair-bolsonaro","tag-pgr","tag-stf"],"aioseo_notices":[],"_links":{"self":[{"href":"https:\/\/www.portalalerta.com.br\/index.php\/wp-json\/wp\/v2\/posts\/24696","targetHints":{"allow":["GET"]}}],"collection":[{"href":"https:\/\/www.portalalerta.com.br\/index.php\/wp-json\/wp\/v2\/posts"}],"about":[{"href":"https:\/\/www.portalalerta.com.br\/index.php\/wp-json\/wp\/v2\/types\/post"}],"author":[{"embeddable":true,"href":"https:\/\/www.portalalerta.com.br\/index.php\/wp-json\/wp\/v2\/users\/2"}],"replies":[{"embeddable":true,"href":"https:\/\/www.portalalerta.com.br\/index.php\/wp-json\/wp\/v2\/comments?post=24696"}],"version-history":[{"count":2,"href":"https:\/\/www.portalalerta.com.br\/index.php\/wp-json\/wp\/v2\/posts\/24696\/revisions"}],"predecessor-version":[{"id":24700,"href":"https:\/\/www.portalalerta.com.br\/index.php\/wp-json\/wp\/v2\/posts\/24696\/revisions\/24700"}],"wp:featuredmedia":[{"embeddable":true,"href":"https:\/\/www.portalalerta.com.br\/index.php\/wp-json\/wp\/v2\/media\/19249"}],"wp:attachment":[{"href":"https:\/\/www.portalalerta.com.br\/index.php\/wp-json\/wp\/v2\/media?parent=24696"}],"wp:term":[{"taxonomy":"category","embeddable":true,"href":"https:\/\/www.portalalerta.com.br\/index.php\/wp-json\/wp\/v2\/categories?post=24696"},{"taxonomy":"post_tag","embeddable":true,"href":"https:\/\/www.portalalerta.com.br\/index.php\/wp-json\/wp\/v2\/tags?post=24696"}],"curies":[{"name":"wp","href":"https:\/\/api.w.org\/{rel}","templated":true}]}}