{"id":24701,"date":"2020-05-28T22:26:08","date_gmt":"2020-05-29T01:26:08","guid":{"rendered":"https:\/\/www.portalalerta.com.br\/?p=24701"},"modified":"2020-05-28T22:26:08","modified_gmt":"2020-05-29T01:26:08","slug":"sobe-para-quatro-o-numero-de-infectados-por-covid-19-em-adustina-ba","status":"publish","type":"post","link":"https:\/\/www.portalalerta.com.br\/index.php\/2020\/05\/28\/sobe-para-quatro-o-numero-de-infectados-por-covid-19-em-adustina-ba\/","title":{"rendered":"Sobe para quatro o n\u00famero de infectados por Covid-19 em Adustina-BA"},"content":{"rendered":"<p style=\"text-align: justify;\">A secretaria Municipal de Sa\u00fade de Adustina-BA divulgou em nota na \u00faltima quarta-feira, 27, confirmando o quarto caso de Covid-19 (Coronav\u00edrus) na cidade.<!--more--><\/p>\n<p style=\"text-align: justify;\"><img fetchpriority=\"high\" decoding=\"async\" class=\"size-thumbnail wp-image-9394 alignleft\" src=\"https:\/\/www.portalalerta.com.br\/wp-content\/uploads\/2018\/07\/05elab-320x240.jpg\" alt=\"\" width=\"320\" height=\"240\" srcset=\"https:\/\/www.portalalerta.com.br\/wp-content\/uploads\/2018\/07\/05elab-320x240.jpg 320w, https:\/\/www.portalalerta.com.br\/wp-content\/uploads\/2018\/07\/05elab-195x146.jpg 195w, https:\/\/www.portalalerta.com.br\/wp-content\/uploads\/2018\/07\/05elab-50x38.jpg 50w, https:\/\/www.portalalerta.com.br\/wp-content\/uploads\/2018\/07\/05elab-100x75.jpg 100w, https:\/\/www.portalalerta.com.br\/wp-content\/uploads\/2018\/07\/05elab.jpg 400w\" sizes=\"(max-width: 320px) 100vw, 320px\" \/>Trata-se de uma jovem que estava a cerca de 30 dias na Cidade de Salvador. A mesma foi diagnosticada no momento da triagem para monitoramento, j\u00e1 que \u00e9 um protocolo da Secretaria de Sa\u00fade acompanhar todas as pessoas rec\u00e9m chegadas de localidades com transmiss\u00e3o comunit\u00e1ria.<\/p>\n<p style=\"text-align: justify;\">Durante o atendimento a jovem referiu alguns sintomas, a partir dessa constata\u00e7\u00e3o foi realizado teste r\u00e1pido para COVID-19 o qual deu reagente (POSITIVO). A equipe imediatamente fez o isolamento da paciente, assim como orienta\u00e7\u00e3o aos dois contactantes do munic\u00edpio.<\/p>\n<h1 style=\"text-align: justify;\"><a href=\"https:\/\/www.portalalerta.com.br\/index.php\/2020\/05\/25\/saiba-como-esta-a-evolucao-do-covid-19-em-adustina-ba\/\">Clique aqui e Saiba como est\u00e1 a evolu\u00e7\u00e3o do Covid-19 em Adustina-BA<\/a><\/h1>\n<p style=\"text-align: justify;\"><em>Fonte: Joilson Costa<\/em><\/p>\n<p style=\"text-align: justify;\"><em>Com informa\u00e7\u00f5es: ASCOM\/ Secretaria de Sa\u00fade<\/em><\/p>\n","protected":false},"excerpt":{"rendered":"<p>A secretaria Municipal de Sa\u00fade de Adustina-BA divulgou em nota na \u00faltima quarta-feira, 27, confirmando o quarto caso de Covid-19 (Coronav\u00edrus) na cidade.<\/p>\n","protected":false},"author":2,"featured_media":8522,"comment_status":"open","ping_status":"open","sticky":false,"template":"","format":"standard","meta":{"om_disable_all_campaigns":false,"_monsterinsights_skip_tracking":false,"_monsterinsights_sitenote_active":false,"_monsterinsights_sitenote_note":"","_monsterinsights_sitenote_category":0,"footnotes":""},"categories":[40,70,69,32,19],"tags":[100,3429,3486,61],"class_list":["post-24701","post","type-post","status-publish","format-standard","has-post-thumbnail","hentry","category-adustina","category-destaques","category-noticias2","category-regiao","category-saude","tag-adustina","tag-coronavirus","tag-covid-19","tag-saude"],"aioseo_notices":[],"_links":{"self":[{"href":"https:\/\/www.portalalerta.com.br\/index.php\/wp-json\/wp\/v2\/posts\/24701","targetHints":{"allow":["GET"]}}],"collection":[{"href":"https:\/\/www.portalalerta.com.br\/index.php\/wp-json\/wp\/v2\/posts"}],"about":[{"href":"https:\/\/www.portalalerta.com.br\/index.php\/wp-json\/wp\/v2\/types\/post"}],"author":[{"embeddable":true,"href":"https:\/\/www.portalalerta.com.br\/index.php\/wp-json\/wp\/v2\/users\/2"}],"replies":[{"embeddable":true,"href":"https:\/\/www.portalalerta.com.br\/index.php\/wp-json\/wp\/v2\/comments?post=24701"}],"version-history":[{"count":1,"href":"https:\/\/www.portalalerta.com.br\/index.php\/wp-json\/wp\/v2\/posts\/24701\/revisions"}],"predecessor-version":[{"id":24702,"href":"https:\/\/www.portalalerta.com.br\/index.php\/wp-json\/wp\/v2\/posts\/24701\/revisions\/24702"}],"wp:featuredmedia":[{"embeddable":true,"href":"https:\/\/www.portalalerta.com.br\/index.php\/wp-json\/wp\/v2\/media\/8522"}],"wp:attachment":[{"href":"https:\/\/www.portalalerta.com.br\/index.php\/wp-json\/wp\/v2\/media?parent=24701"}],"wp:term":[{"taxonomy":"category","embeddable":true,"href":"https:\/\/www.portalalerta.com.br\/index.php\/wp-json\/wp\/v2\/categories?post=24701"},{"taxonomy":"post_tag","embeddable":true,"href":"https:\/\/www.portalalerta.com.br\/index.php\/wp-json\/wp\/v2\/tags?post=24701"}],"curies":[{"name":"wp","href":"https:\/\/api.w.org\/{rel}","templated":true}]}}