{"id":24703,"date":"2020-05-28T22:59:18","date_gmt":"2020-05-29T01:59:18","guid":{"rendered":"https:\/\/www.portalalerta.com.br\/?p=24703"},"modified":"2020-05-28T22:59:18","modified_gmt":"2020-05-29T01:59:18","slug":"netanyahu-oferece-ajuda-a-bolsonaro-para-lidar-com-o-coronavirus","status":"publish","type":"post","link":"https:\/\/www.portalalerta.com.br\/index.php\/2020\/05\/28\/netanyahu-oferece-ajuda-a-bolsonaro-para-lidar-com-o-coronavirus\/","title":{"rendered":"Netanyahu oferece ajuda a Bolsonaro para lidar com o coronav\u00edrus"},"content":{"rendered":"<p style=\"text-align: justify;\">O primeiro-ministro de Israel, Binyamin Netanyahu, falou com o presidente Jair Bolsonaro por telefone, nesta quinta-feira (28), e ofereceu ajuda ao brasileiro para lidar com o combate ao coronav\u00edrus.<!--more--><\/p>\n<p style=\"text-align: justify;\">De acordo com um comunicado do governo israelense, o premi\u00ea expressou solidariedade com a situa\u00e7\u00e3o do Brasil e sugeriu colabora\u00e7\u00e3o com as ind\u00fastrias brasileiras para \u201cprodu\u00e7\u00e3o de equipamentos m\u00e9dicos necess\u00e1rios para lidar com a pandemia\u201d.<\/p>\n<p style=\"text-align: justify;\"><img fetchpriority=\"high\" decoding=\"async\" class=\"size-thumbnail wp-image-4869 aligncenter\" src=\"https:\/\/www.portalalerta.com.br\/wp-content\/uploads\/2018\/02\/Auto-Escola-Nobre-720x181.jpg\" alt=\"\" width=\"720\" height=\"181\" srcset=\"https:\/\/www.portalalerta.com.br\/wp-content\/uploads\/2018\/02\/Auto-Escola-Nobre.jpg 720w, https:\/\/www.portalalerta.com.br\/wp-content\/uploads\/2018\/02\/Auto-Escola-Nobre-260x65.jpg 260w, https:\/\/www.portalalerta.com.br\/wp-content\/uploads\/2018\/02\/Auto-Escola-Nobre-50x13.jpg 50w, https:\/\/www.portalalerta.com.br\/wp-content\/uploads\/2018\/02\/Auto-Escola-Nobre-150x38.jpg 150w\" sizes=\"(max-width: 720px) 100vw, 720px\" \/>Al\u00e9m disso, Netanyahu prop\u00f4s uma conversa entre especialistas brasileiros e israelenses para \u201ctransmitir a experi\u00eancia cumulativa de Israel no tratamento do v\u00edrus\u201d.<\/p>\n<p style=\"text-align: justify;\">O comunicado n\u00e3o cita a resposta de Bolsonaro, mas diz que o presidente parabenizou o l\u00edder israelense por estabelecer um governo de coaliz\u00e3o e que espera \u201ccontinuar a fortalecer os la\u00e7os entre os dois pa\u00edses\u201d.<\/p>\n<p style=\"text-align: justify;\">De acordo com a universidade Johns Hopkins, Israel registrou, at\u00e9 esta quinta-feira (28), mais de 16 mil casos e 281 mortes por coronav\u00edrus. J\u00e1 o Brasil tem cerca de 411 mil casos e mais de 25 mil mortes.<\/p>\n<p style=\"text-align: justify;\"><em>Fonte: Canabrava FM<\/em><\/p>\n<p style=\"text-align: justify;\"><em>Com informa\u00e7\u00f5es: Agencia Brasil<\/em><\/p>\n","protected":false},"excerpt":{"rendered":"<p>O primeiro-ministro de Israel, Binyamin Netanyahu, falou com o presidente Jair Bolsonaro por telefone, nesta quinta-feira (28), e ofereceu ajuda ao brasileiro para lidar com o combate ao coronav\u00edrus.<\/p>\n","protected":false},"author":2,"featured_media":24704,"comment_status":"open","ping_status":"open","sticky":false,"template":"","format":"standard","meta":{"om_disable_all_campaigns":false,"_monsterinsights_skip_tracking":false,"_monsterinsights_sitenote_active":false,"_monsterinsights_sitenote_note":"","_monsterinsights_sitenote_category":0,"footnotes":""},"categories":[34,70,35,69,21,19],"tags":[3708,3429,3486,1395,61],"class_list":["post-24703","post","type-post","status-publish","format-standard","has-post-thumbnail","hentry","category-brasil","category-destaques","category-mundo","category-noticias2","category-politica","category-saude","tag-binyamin-netanyahu","tag-coronavirus","tag-covid-19","tag-jair-bolsonaro","tag-saude"],"aioseo_notices":[],"_links":{"self":[{"href":"https:\/\/www.portalalerta.com.br\/index.php\/wp-json\/wp\/v2\/posts\/24703","targetHints":{"allow":["GET"]}}],"collection":[{"href":"https:\/\/www.portalalerta.com.br\/index.php\/wp-json\/wp\/v2\/posts"}],"about":[{"href":"https:\/\/www.portalalerta.com.br\/index.php\/wp-json\/wp\/v2\/types\/post"}],"author":[{"embeddable":true,"href":"https:\/\/www.portalalerta.com.br\/index.php\/wp-json\/wp\/v2\/users\/2"}],"replies":[{"embeddable":true,"href":"https:\/\/www.portalalerta.com.br\/index.php\/wp-json\/wp\/v2\/comments?post=24703"}],"version-history":[{"count":1,"href":"https:\/\/www.portalalerta.com.br\/index.php\/wp-json\/wp\/v2\/posts\/24703\/revisions"}],"predecessor-version":[{"id":24705,"href":"https:\/\/www.portalalerta.com.br\/index.php\/wp-json\/wp\/v2\/posts\/24703\/revisions\/24705"}],"wp:featuredmedia":[{"embeddable":true,"href":"https:\/\/www.portalalerta.com.br\/index.php\/wp-json\/wp\/v2\/media\/24704"}],"wp:attachment":[{"href":"https:\/\/www.portalalerta.com.br\/index.php\/wp-json\/wp\/v2\/media?parent=24703"}],"wp:term":[{"taxonomy":"category","embeddable":true,"href":"https:\/\/www.portalalerta.com.br\/index.php\/wp-json\/wp\/v2\/categories?post=24703"},{"taxonomy":"post_tag","embeddable":true,"href":"https:\/\/www.portalalerta.com.br\/index.php\/wp-json\/wp\/v2\/tags?post=24703"}],"curies":[{"name":"wp","href":"https:\/\/api.w.org\/{rel}","templated":true}]}}