{"id":24706,"date":"2020-05-28T23:05:10","date_gmt":"2020-05-29T02:05:10","guid":{"rendered":"https:\/\/www.portalalerta.com.br\/?p=24706"},"modified":"2020-05-28T23:05:10","modified_gmt":"2020-05-29T02:05:10","slug":"governo-do-estado-divulga-o-primeiro-caso-de-covid-19-em-fatima-ba-municipio-nega","status":"publish","type":"post","link":"https:\/\/www.portalalerta.com.br\/index.php\/2020\/05\/28\/governo-do-estado-divulga-o-primeiro-caso-de-covid-19-em-fatima-ba-municipio-nega\/","title":{"rendered":"Governo do Estado divulga o primeiro caso de Covid-19 em F\u00e1tima-BA. Munic\u00edpio nega!"},"content":{"rendered":"<p style=\"text-align: justify;\">A Secretaria Municipal de Sa\u00fade de F\u00e1tima (BA) publicou uma nota no final da noite de quarta-feira (27) negando que a cidade conte com um caso confirmado de Covid-19, como aponta o \u00faltimo boletim epidemiol\u00f3gico do estado, o que levou \u00e0 repercuss\u00e3o do suposto registro.<!--more--><\/p>\n<p style=\"text-align: justify;\">De acordo com a nota que foi divulgada nas redes sociais, uma funcion\u00e1ria do PSF da localidade do Capim Duro, que manteve contato com a profissional do PSF do Bonfim, diagnosticada na semana passada com Covid-19, tamb\u00e9m testou positivo para a doen\u00e7a.<\/p>\n<p style=\"text-align: justify;\">No entanto, como a funcion\u00e1ria que atua no Bonfim, a do Capim Duro tamb\u00e9m n\u00e3o reside em F\u00e1tima, mas sim no munic\u00edpio de Po\u00e7o Verde (SE), situado na divisa com a Bahia.<\/p>\n<p style=\"text-align: justify;\"><img fetchpriority=\"high\" decoding=\"async\" class=\"size-thumbnail wp-image-23589 aligncenter\" src=\"https:\/\/www.portalalerta.com.br\/wp-content\/uploads\/2020\/04\/real-acordo-720x93.jpg\" alt=\"\" width=\"720\" height=\"93\" \/>O comunicado ainda informa que desde o aparecimento dos sintomas nessa segunda profissional, a secretaria de Sa\u00fade promoveu a sua testagem, que foi encaminhada para Salvador (BA), e o seu afastamento como medida de precau\u00e7\u00e3o.<\/p>\n<p style=\"text-align: justify;\">Por fim, a nota da secretaria ainda destaca que toda a equipe que esteve em contato com as profissionais, foi testada e apresentou resultado negativo, e que a funcion\u00e1ria do PSF do Capim Duro encontra-se bem, na fase final da quarentena e ser\u00e1 reavaliada pela equipe de sa\u00fade de Po\u00e7o Verde, antes de uma futura libera\u00e7\u00e3o ao trabalho.<\/p>\n<p style=\"text-align: justify;\"><strong>Mesmo depois da nota divulgada pelo munic\u00edpio, negando o fato, o governo do Estado divulgou um novo Boletim Epidemiol\u00f3gico no final da tarde desta quinta-feira, 28, apontando ainda com o caso positivo em F\u00e1tima-BA <\/strong><\/p>\n<p style=\"text-align: justify;\"><em>Fonte: Sert\u00e3o em Pauta<\/em><\/p>\n<p style=\"text-align: justify;\">\n","protected":false},"excerpt":{"rendered":"<p>A Secretaria Municipal de Sa\u00fade de F\u00e1tima (BA) publicou uma nota no final da noite de quarta-feira (27) negando que a cidade conte com um caso confirmado de Covid-19, como aponta o \u00faltimo boletim epidemiol\u00f3gico do estado, o que levou \u00e0 repercuss\u00e3o do suposto registro.<\/p>\n","protected":false},"author":2,"featured_media":23194,"comment_status":"open","ping_status":"open","sticky":false,"template":"","format":"standard","meta":{"om_disable_all_campaigns":false,"_monsterinsights_skip_tracking":false,"_monsterinsights_sitenote_active":false,"_monsterinsights_sitenote_note":"","_monsterinsights_sitenote_category":0,"footnotes":""},"categories":[70,10,69,32,19],"tags":[3429,3486,107,1988,61,433],"class_list":["post-24706","post","type-post","status-publish","format-standard","has-post-thumbnail","hentry","category-destaques","category-fatima","category-noticias2","category-regiao","category-saude","tag-coronavirus","tag-covid-19","tag-fatima","tag-governo-do-estado","tag-saude","tag-secretaria-de-saude"],"aioseo_notices":[],"_links":{"self":[{"href":"https:\/\/www.portalalerta.com.br\/index.php\/wp-json\/wp\/v2\/posts\/24706","targetHints":{"allow":["GET"]}}],"collection":[{"href":"https:\/\/www.portalalerta.com.br\/index.php\/wp-json\/wp\/v2\/posts"}],"about":[{"href":"https:\/\/www.portalalerta.com.br\/index.php\/wp-json\/wp\/v2\/types\/post"}],"author":[{"embeddable":true,"href":"https:\/\/www.portalalerta.com.br\/index.php\/wp-json\/wp\/v2\/users\/2"}],"replies":[{"embeddable":true,"href":"https:\/\/www.portalalerta.com.br\/index.php\/wp-json\/wp\/v2\/comments?post=24706"}],"version-history":[{"count":1,"href":"https:\/\/www.portalalerta.com.br\/index.php\/wp-json\/wp\/v2\/posts\/24706\/revisions"}],"predecessor-version":[{"id":24707,"href":"https:\/\/www.portalalerta.com.br\/index.php\/wp-json\/wp\/v2\/posts\/24706\/revisions\/24707"}],"wp:featuredmedia":[{"embeddable":true,"href":"https:\/\/www.portalalerta.com.br\/index.php\/wp-json\/wp\/v2\/media\/23194"}],"wp:attachment":[{"href":"https:\/\/www.portalalerta.com.br\/index.php\/wp-json\/wp\/v2\/media?parent=24706"}],"wp:term":[{"taxonomy":"category","embeddable":true,"href":"https:\/\/www.portalalerta.com.br\/index.php\/wp-json\/wp\/v2\/categories?post=24706"},{"taxonomy":"post_tag","embeddable":true,"href":"https:\/\/www.portalalerta.com.br\/index.php\/wp-json\/wp\/v2\/tags?post=24706"}],"curies":[{"name":"wp","href":"https:\/\/api.w.org\/{rel}","templated":true}]}}