{"id":24708,"date":"2020-05-29T21:14:28","date_gmt":"2020-05-30T00:14:28","guid":{"rendered":"https:\/\/www.portalalerta.com.br\/?p=24708"},"modified":"2020-05-29T21:14:28","modified_gmt":"2020-05-30T00:14:28","slug":"datafolha-reprovacao-de-bolsonaro-bate-recorde-mas-base-apoiadora-se-mantem","status":"publish","type":"post","link":"https:\/\/www.portalalerta.com.br\/index.php\/2020\/05\/29\/datafolha-reprovacao-de-bolsonaro-bate-recorde-mas-base-apoiadora-se-mantem\/","title":{"rendered":"Datafolha: Reprova\u00e7\u00e3o de Bolsonaro bate recorde, mas base apoiadora se mant\u00e9m"},"content":{"rendered":"<p style=\"text-align: justify;\">Uma pesquisa do instituto Datafolha divulgada pelo jornal Folha de S. Paulo, nesta quinta-feira (28), aponta uma reprova\u00e7\u00e3o recorde da gest\u00e3o do presidente\u00a0Jair Bolsonaro\u00a0(sem partido). Por outro lado, a base de apoio do governo se manteve no mesmo patamar.<!--more--><\/p>\n<p style=\"text-align: justify;\"><img fetchpriority=\"high\" decoding=\"async\" class=\"size-thumbnail wp-image-9394 alignleft\" src=\"https:\/\/www.portalalerta.com.br\/wp-content\/uploads\/2018\/07\/05elab-320x240.jpg\" alt=\"\" width=\"320\" height=\"240\" srcset=\"https:\/\/www.portalalerta.com.br\/wp-content\/uploads\/2018\/07\/05elab-320x240.jpg 320w, https:\/\/www.portalalerta.com.br\/wp-content\/uploads\/2018\/07\/05elab-195x146.jpg 195w, https:\/\/www.portalalerta.com.br\/wp-content\/uploads\/2018\/07\/05elab-50x38.jpg 50w, https:\/\/www.portalalerta.com.br\/wp-content\/uploads\/2018\/07\/05elab-100x75.jpg 100w, https:\/\/www.portalalerta.com.br\/wp-content\/uploads\/2018\/07\/05elab.jpg 400w\" sizes=\"(max-width: 320px) 100vw, 320px\" \/>De acordo com o levantamento, os percentuais apontam o seguinte cen\u00e1rio: \u00d3timo\/bom: 33%; Regular: 22%; Ruim\/p\u00e9ssimo: 43% e N\u00e3o sabe\/n\u00e3o respondeu: 2%.<\/p>\n<p style=\"text-align: justify;\">O levantamento ouviu 2.069 pessoas maiores de idade entre segunda-feira (25) e ter\u00e7a-feira (26). As entrevistas foram realizadas por por telefone. A margem de erro da pesquisa \u00e9 de dois pontos percentuais.<\/p>\n<p style=\"text-align: justify;\">No levantamento anterior, publicado no dia 27 de abril, os resultados mostraram, de acordo com a Folha: \u00d3timo\/bom: 38%; Regular: 26%; Ruim\/p\u00e9ssimo: 33%; N\u00e3o sabe\/n\u00e3o respondeu: 2%.<\/p>\n<p style=\"text-align: justify;\"><strong>Presidente irritado<\/strong><\/p>\n<p style=\"text-align: justify;\">Nesta quinta-feira (28), o presidente Jair Bolsonaro mostrou indigna\u00e7\u00e3o ao ser questionado sobre a opera\u00e7\u00e3o da Pol\u00edcia Federal que cumpriu mandados de busca e apreens\u00e3o contra aliados, no inqu\u00e9rito das fake news. Em frente ao Pal\u00e1cio da Alvorada, ao falar com apoiadores, afirmou que \u201cas coisas t\u00eam limite\u201d em recado ao\u00a0Supremo Tribunal Federal\u00a0(STF).<\/p>\n<p style=\"text-align: justify;\">\u201cOntem foi o \u00faltimo dia e eu pe\u00e7o a Deus que ilumina as pessoas que ousam se julgar melhor e mais poderosas que os outros, que se coloquem no seu devido lugar\u201d, disse o presidente. \u201cE dizemos mais: n\u00e3o podemos falar em democracia sem um judici\u00e1rio independente, um legislativo tamb\u00e9m independente para que possam tomar decis\u00f5es. N\u00e3o monocraticamente por vezes, mas quest\u00f5es que interessam ao povo como um todo, que tomem de modo que seja ouvido o colegiado.\u201d<\/p>\n<p style=\"text-align: justify;\">No fim, o presidente subiu o tom: \u201cAcabou, porra\u201d, gritou. Bolsonaro pediu desculpas por ter desabafado e afirmou que n\u00e3o dava para ver atitudes \u201cindividuais de certas pessoas, tomando de forma quase pessoal certas a\u00e7\u00f5es\u201d. Segundo o presidente, ordens absurdas n\u00e3o se cumprem.<\/p>\n<p style=\"text-align: justify;\"><em>Fonte: Yahoo Not\u00edcias<\/em><\/p>\n","protected":false},"excerpt":{"rendered":"<p>Uma pesquisa do instituto Datafolha divulgada pelo jornal Folha de S. Paulo, nesta quinta-feira (28), aponta uma reprova\u00e7\u00e3o recorde da gest\u00e3o do presidente\u00a0Jair Bolsonaro\u00a0(sem partido). Por outro lado, a base de apoio do governo se manteve no mesmo patamar.<\/p>\n","protected":false},"author":2,"featured_media":13227,"comment_status":"open","ping_status":"open","sticky":false,"template":"","format":"standard","meta":{"om_disable_all_campaigns":false,"_monsterinsights_skip_tracking":false,"_monsterinsights_sitenote_active":false,"_monsterinsights_sitenote_note":"","_monsterinsights_sitenote_category":0,"footnotes":""},"categories":[34,70,69,21],"tags":[93,1395,192,335],"class_list":["post-24708","post","type-post","status-publish","format-standard","has-post-thumbnail","hentry","category-brasil","category-destaques","category-noticias2","category-politica","tag-brasil","tag-jair-bolsonaro","tag-opiniao","tag-pesquisa"],"aioseo_notices":[],"_links":{"self":[{"href":"https:\/\/www.portalalerta.com.br\/index.php\/wp-json\/wp\/v2\/posts\/24708","targetHints":{"allow":["GET"]}}],"collection":[{"href":"https:\/\/www.portalalerta.com.br\/index.php\/wp-json\/wp\/v2\/posts"}],"about":[{"href":"https:\/\/www.portalalerta.com.br\/index.php\/wp-json\/wp\/v2\/types\/post"}],"author":[{"embeddable":true,"href":"https:\/\/www.portalalerta.com.br\/index.php\/wp-json\/wp\/v2\/users\/2"}],"replies":[{"embeddable":true,"href":"https:\/\/www.portalalerta.com.br\/index.php\/wp-json\/wp\/v2\/comments?post=24708"}],"version-history":[{"count":1,"href":"https:\/\/www.portalalerta.com.br\/index.php\/wp-json\/wp\/v2\/posts\/24708\/revisions"}],"predecessor-version":[{"id":24709,"href":"https:\/\/www.portalalerta.com.br\/index.php\/wp-json\/wp\/v2\/posts\/24708\/revisions\/24709"}],"wp:featuredmedia":[{"embeddable":true,"href":"https:\/\/www.portalalerta.com.br\/index.php\/wp-json\/wp\/v2\/media\/13227"}],"wp:attachment":[{"href":"https:\/\/www.portalalerta.com.br\/index.php\/wp-json\/wp\/v2\/media?parent=24708"}],"wp:term":[{"taxonomy":"category","embeddable":true,"href":"https:\/\/www.portalalerta.com.br\/index.php\/wp-json\/wp\/v2\/categories?post=24708"},{"taxonomy":"post_tag","embeddable":true,"href":"https:\/\/www.portalalerta.com.br\/index.php\/wp-json\/wp\/v2\/tags?post=24708"}],"curies":[{"name":"wp","href":"https:\/\/api.w.org\/{rel}","templated":true}]}}