{"id":24710,"date":"2020-05-29T21:15:25","date_gmt":"2020-05-30T00:15:25","guid":{"rendered":"https:\/\/www.portalalerta.com.br\/?p=24710"},"modified":"2020-05-29T21:15:25","modified_gmt":"2020-05-30T00:15:25","slug":"prefeito-de-olindina-ba-e-punido-e-tera-que-ressarcir-r-255-mil","status":"publish","type":"post","link":"https:\/\/www.portalalerta.com.br\/index.php\/2020\/05\/29\/prefeito-de-olindina-ba-e-punido-e-tera-que-ressarcir-r-255-mil\/","title":{"rendered":"Prefeito de Olindina-BA \u00e9 punido e ter\u00e1 que ressarcir R$ 255 mil"},"content":{"rendered":"<p style=\"text-align: justify;\">O prefeito Vanderlei Fulco Caldas, do munic\u00edpio de Olindina, foi punido pelo Tribunal de Contas dos Munic\u00edpios (TCM) com multa de R$ 15 mil em raz\u00e3o de irregularidades na contrata\u00e7\u00e3o direta de empresas com base em suposta situa\u00e7\u00e3o de emerg\u00eancia no exerc\u00edcio de 2017. Tamb\u00e9m foi imposto ao chefe do executivo municipal o ressarcimento ao er\u00e1rio de R$ 255.340,78, com recursos pessoais, em face do pagamento a maior em dois contratos.<!--more--><\/p>\n<p style=\"text-align: justify;\"><img fetchpriority=\"high\" decoding=\"async\" class=\"size-thumbnail wp-image-4869 aligncenter\" src=\"https:\/\/www.portalalerta.com.br\/wp-content\/uploads\/2018\/02\/Auto-Escola-Nobre-720x181.jpg\" alt=\"\" width=\"720\" height=\"181\" srcset=\"https:\/\/www.portalalerta.com.br\/wp-content\/uploads\/2018\/02\/Auto-Escola-Nobre.jpg 720w, https:\/\/www.portalalerta.com.br\/wp-content\/uploads\/2018\/02\/Auto-Escola-Nobre-260x65.jpg 260w, https:\/\/www.portalalerta.com.br\/wp-content\/uploads\/2018\/02\/Auto-Escola-Nobre-50x13.jpg 50w, https:\/\/www.portalalerta.com.br\/wp-content\/uploads\/2018\/02\/Auto-Escola-Nobre-150x38.jpg 150w\" sizes=\"(max-width: 720px) 100vw, 720px\" \/>A decis\u00e3o da multa foi proferida em sess\u00e3o realizada por meio eletr\u00f4nico e, por sugest\u00e3o do procurador do Minist\u00e9rio P\u00fablico de Contas, Danilo Diamantino, o conselheiro Fernando Vita, relator do processo, determinou tamb\u00e9m a formula\u00e7\u00e3o de representa\u00e7\u00e3o ao Minist\u00e9rio P\u00fablico Estadual para que seja apurada a pr\u00e1tica de ato de improbidade administrativa.<\/p>\n<p style=\"text-align: justify;\">Em rela\u00e7\u00e3o ao ressarcimento, o termo de ocorr\u00eancia foi lavrado contra o gestor pela inspetoria regional do TCM, em raz\u00e3o de quatro contratos celebrados pela prefeitura, por meio da dispensa de licita\u00e7\u00e3o, com base em suposta situa\u00e7\u00e3o de emerg\u00eancia, que somaram mais de R$2 milh\u00f5es. Os contratos envolviam a presta\u00e7\u00e3o de servi\u00e7os, como o fornecimento de combust\u00edveis; limpeza urbana; loca\u00e7\u00e3o de ve\u00edculos; e transporte escolar.<\/p>\n<p style=\"text-align: justify;\"><em>Fonte: Gazeta do Mel<\/em><\/p>\n<p style=\"text-align: justify;\"><em>Com informa\u00e7\u00f5es: TCM-BA<\/em><\/p>\n","protected":false},"excerpt":{"rendered":"<p>O prefeito Vanderlei Fulco Caldas, do munic\u00edpio de Olindina, foi punido pelo Tribunal de Contas dos Munic\u00edpios (TCM) com multa de R$ 15 mil em raz\u00e3o de irregularidades na contrata\u00e7\u00e3o direta de empresas com base em suposta situa\u00e7\u00e3o de emerg\u00eancia no exerc\u00edcio de 2017. Tamb\u00e9m foi imposto ao chefe do executivo municipal o ressarcimento ao &hellip;<\/p>\n","protected":false},"author":2,"featured_media":24711,"comment_status":"open","ping_status":"open","sticky":false,"template":"","format":"standard","meta":{"om_disable_all_campaigns":false,"_monsterinsights_skip_tracking":false,"_monsterinsights_sitenote_active":false,"_monsterinsights_sitenote_note":"","_monsterinsights_sitenote_category":0,"footnotes":""},"categories":[70,69,15,21,32],"tags":[54,467,120,198,72,3709],"class_list":["post-24710","post","type-post","status-publish","format-standard","has-post-thumbnail","hentry","category-destaques","category-noticias2","category-olindina","category-politica","category-regiao","tag-bahia","tag-multa","tag-olindina","tag-prefeito","tag-tcm","tag-vanderlei-caldas"],"aioseo_notices":[],"_links":{"self":[{"href":"https:\/\/www.portalalerta.com.br\/index.php\/wp-json\/wp\/v2\/posts\/24710","targetHints":{"allow":["GET"]}}],"collection":[{"href":"https:\/\/www.portalalerta.com.br\/index.php\/wp-json\/wp\/v2\/posts"}],"about":[{"href":"https:\/\/www.portalalerta.com.br\/index.php\/wp-json\/wp\/v2\/types\/post"}],"author":[{"embeddable":true,"href":"https:\/\/www.portalalerta.com.br\/index.php\/wp-json\/wp\/v2\/users\/2"}],"replies":[{"embeddable":true,"href":"https:\/\/www.portalalerta.com.br\/index.php\/wp-json\/wp\/v2\/comments?post=24710"}],"version-history":[{"count":2,"href":"https:\/\/www.portalalerta.com.br\/index.php\/wp-json\/wp\/v2\/posts\/24710\/revisions"}],"predecessor-version":[{"id":24715,"href":"https:\/\/www.portalalerta.com.br\/index.php\/wp-json\/wp\/v2\/posts\/24710\/revisions\/24715"}],"wp:featuredmedia":[{"embeddable":true,"href":"https:\/\/www.portalalerta.com.br\/index.php\/wp-json\/wp\/v2\/media\/24711"}],"wp:attachment":[{"href":"https:\/\/www.portalalerta.com.br\/index.php\/wp-json\/wp\/v2\/media?parent=24710"}],"wp:term":[{"taxonomy":"category","embeddable":true,"href":"https:\/\/www.portalalerta.com.br\/index.php\/wp-json\/wp\/v2\/categories?post=24710"},{"taxonomy":"post_tag","embeddable":true,"href":"https:\/\/www.portalalerta.com.br\/index.php\/wp-json\/wp\/v2\/tags?post=24710"}],"curies":[{"name":"wp","href":"https:\/\/api.w.org\/{rel}","templated":true}]}}