{"id":24713,"date":"2020-05-29T21:16:31","date_gmt":"2020-05-30T00:16:31","guid":{"rendered":"https:\/\/www.portalalerta.com.br\/?p=24713"},"modified":"2020-05-29T23:31:05","modified_gmt":"2020-05-30T02:31:05","slug":"isolamento-social-do-semi-arido-nordeste-ii","status":"publish","type":"post","link":"https:\/\/www.portalalerta.com.br\/index.php\/2020\/05\/29\/isolamento-social-do-semi-arido-nordeste-ii\/","title":{"rendered":"Isolamento Social do Semi-\u00c1rido Nordeste II"},"content":{"rendered":"<p style=\"text-align: justify;\">Os n\u00fameros desta \u00faltima ter\u00e7a-feira (26) at\u00e9 mostram um pequeno aumento dos n\u00edveis de isolamento social em rela\u00e7\u00e3o \u00e0\u00a0<a href=\"https:\/\/www.portalalerta.com.br\/index.php\/2020\/05\/22\/levantamento-do-governo-do-estado-mostra-baixo-isolamento-social-em-cidades-do-semiarido-nordeste-ii\/\">ter\u00e7a (19) da semana passada<\/a>, na maioria das cidades do territ\u00f3rio, mas os resultados ruins de alguns outros munic\u00edpios como Novo Triunfo e Pedro Alexandre, n\u00e3o permitiu que o \u00edndice da regi\u00e3o alcan\u00e7asse um patamar mais pr\u00f3ximo da taxa ideal, que \u00e9 de 70%, segundo especialistas.<!--more--><\/p>\n<p style=\"text-align: justify;\">Se na ter\u00e7a da semana passada, o percentual somado das 18 cidades do Semi\u00e1rido Nordeste II foi de 41,36%, nesta ter\u00e7a, esse n\u00famero chegou ao patamar de 43,08% \u2013 ou seja, um acr\u00e9scimo de apenas 1,72%. Essa min\u00fascula eleva\u00e7\u00e3o contrasta com o crescimento do n\u00famero de casos na regi\u00e3o, que passou de 40 para 61 registros \u2013 eleva\u00e7\u00e3o de 32,78%.<\/p>\n<p style=\"text-align: justify;\"><strong><img fetchpriority=\"high\" decoding=\"async\" class=\"size-thumbnail wp-image-23589 aligncenter\" src=\"https:\/\/www.portalalerta.com.br\/wp-content\/uploads\/2020\/04\/real-acordo-720x93.jpg\" alt=\"\" width=\"720\" height=\"93\" \/>CONFIRA A SEGUIR, UMA TABELA QUE MOSTRA O N\u00cdVEL DE ISOLAMENTO SOCIAL DE SUA CIDADE<\/strong><\/p>\n<table width=\"815\">\n<tbody>\n<tr>\n<td>Munic\u00edpio<\/td>\n<td>N\u00edvel de Isolamento<\/td>\n<td>N\u00famero de casos de Covid-19<\/td>\n<\/tr>\n<tr>\n<td>Adustina<\/td>\n<td>40,3%<\/td>\n<td>3<\/td>\n<\/tr>\n<tr>\n<td>Antas<\/td>\n<td>45,4%<\/td>\n<td>2<\/td>\n<\/tr>\n<tr>\n<td>Banza\u00ea<\/td>\n<td>41,6%<\/td>\n<td>8<\/td>\n<\/tr>\n<tr>\n<td>C\u00edcero Dantas<\/td>\n<td>41,7%<\/td>\n<td>2<\/td>\n<\/tr>\n<tr>\n<td>Cip\u00f3<\/td>\n<td>38,1%<\/td>\n<td>1<\/td>\n<\/tr>\n<tr>\n<td>Coronel Jo\u00e3o S\u00e1<\/td>\n<td>41,8%<\/td>\n<td>5<\/td>\n<\/tr>\n<tr>\n<td>Euclides da Cunha<\/td>\n<td>43,7%<\/td>\n<td>6<\/td>\n<\/tr>\n<tr>\n<td>F\u00e1tima<\/td>\n<td>41,8%<\/td>\n<td>0<\/td>\n<\/tr>\n<tr>\n<td>Heli\u00f3polis<\/td>\n<td>47,8%<\/td>\n<td>0<\/td>\n<\/tr>\n<tr>\n<td>Jeremoabo<\/td>\n<td>45,8%<\/td>\n<td>1<\/td>\n<\/tr>\n<tr>\n<td>Nova Soure<\/td>\n<td>37,8%<\/td>\n<td>10<\/td>\n<\/tr>\n<tr>\n<td>Novo Triunfo<\/td>\n<td>39,7%<\/td>\n<td>2<\/td>\n<\/tr>\n<tr>\n<td>Paripiranga<\/td>\n<td>43,6%<\/td>\n<td>3<\/td>\n<\/tr>\n<tr>\n<td>Pedro Alexandre<\/td>\n<td>37,4%<\/td>\n<td>0<\/td>\n<\/tr>\n<tr>\n<td>Ribeira do Amparo<\/td>\n<td>45,1%<\/td>\n<td>1<\/td>\n<\/tr>\n<tr>\n<td>Ribeira do Pombal<\/td>\n<td>39,4%<\/td>\n<td>16<\/td>\n<\/tr>\n<tr>\n<td>Santa Br\u00edgida<\/td>\n<td>54,5%<\/td>\n<td>1<\/td>\n<\/tr>\n<tr>\n<td>S\u00edtio do Quinto<\/td>\n<td>50%<\/td>\n<td>0<\/td>\n<\/tr>\n<\/tbody>\n<\/table>\n<p style=\"text-align: justify;\"><em>Fonte: Joilson Costa<\/em><\/p>\n","protected":false},"excerpt":{"rendered":"<p>Os n\u00fameros desta \u00faltima ter\u00e7a-feira (26) at\u00e9 mostram um pequeno aumento dos n\u00edveis de isolamento social em rela\u00e7\u00e3o \u00e0\u00a0ter\u00e7a (19) da semana passada, na maioria das cidades do territ\u00f3rio, mas os resultados ruins de alguns outros munic\u00edpios como Novo Triunfo e Pedro Alexandre, n\u00e3o permitiu que o \u00edndice da regi\u00e3o alcan\u00e7asse um patamar mais pr\u00f3ximo &hellip;<\/p>\n","protected":false},"author":2,"featured_media":24442,"comment_status":"open","ping_status":"open","sticky":false,"template":"","format":"standard","meta":{"om_disable_all_campaigns":false,"_monsterinsights_skip_tracking":false,"_monsterinsights_sitenote_active":false,"_monsterinsights_sitenote_note":"","_monsterinsights_sitenote_category":0,"footnotes":""},"categories":[40,5,39,4,13,70,17,10,6,9,69,14,8,11,32,16,3,7],"tags":[100,71,49,75,45,312,3555,107,44,3531,230,106,203,51,1518,88,47,555,111],"class_list":["post-24713","post","type-post","status-publish","format-standard","has-post-thumbnail","hentry","category-adustina","category-antas","category-banzae","category-cicero-dantas","category-cipo","category-destaques","category-euclides-da-cunha","category-fatima","category-heliopolis","category-jeremoabo","category-noticias2","category-nova-soure","category-novo-triunfo","category-paripiranga","category-regiao","category-ribeira-do-amparo","category-ribeira-do-pombal","category-sitio-do-quinto","tag-adustina","tag-antas","tag-banzae","tag-cicero-dantas","tag-cipo","tag-coronel-joao-sa","tag-coronel-joao-sa-euclides-da-cunha","tag-fatima","tag-heliopolis","tag-isolamento-social","tag-jeremoabo","tag-nova-soure","tag-novo-triunfo","tag-paripiranga","tag-pedro-alexandre","tag-ribeira-do-amparo","tag-ribeira-do-pombal","tag-santa-brigida","tag-sitio-do-quinto"],"aioseo_notices":[],"_links":{"self":[{"href":"https:\/\/www.portalalerta.com.br\/index.php\/wp-json\/wp\/v2\/posts\/24713","targetHints":{"allow":["GET"]}}],"collection":[{"href":"https:\/\/www.portalalerta.com.br\/index.php\/wp-json\/wp\/v2\/posts"}],"about":[{"href":"https:\/\/www.portalalerta.com.br\/index.php\/wp-json\/wp\/v2\/types\/post"}],"author":[{"embeddable":true,"href":"https:\/\/www.portalalerta.com.br\/index.php\/wp-json\/wp\/v2\/users\/2"}],"replies":[{"embeddable":true,"href":"https:\/\/www.portalalerta.com.br\/index.php\/wp-json\/wp\/v2\/comments?post=24713"}],"version-history":[{"count":3,"href":"https:\/\/www.portalalerta.com.br\/index.php\/wp-json\/wp\/v2\/posts\/24713\/revisions"}],"predecessor-version":[{"id":24726,"href":"https:\/\/www.portalalerta.com.br\/index.php\/wp-json\/wp\/v2\/posts\/24713\/revisions\/24726"}],"wp:featuredmedia":[{"embeddable":true,"href":"https:\/\/www.portalalerta.com.br\/index.php\/wp-json\/wp\/v2\/media\/24442"}],"wp:attachment":[{"href":"https:\/\/www.portalalerta.com.br\/index.php\/wp-json\/wp\/v2\/media?parent=24713"}],"wp:term":[{"taxonomy":"category","embeddable":true,"href":"https:\/\/www.portalalerta.com.br\/index.php\/wp-json\/wp\/v2\/categories?post=24713"},{"taxonomy":"post_tag","embeddable":true,"href":"https:\/\/www.portalalerta.com.br\/index.php\/wp-json\/wp\/v2\/tags?post=24713"}],"curies":[{"name":"wp","href":"https:\/\/api.w.org\/{rel}","templated":true}]}}