{"id":24717,"date":"2020-05-29T22:51:41","date_gmt":"2020-05-30T01:51:41","guid":{"rendered":"https:\/\/www.portalalerta.com.br\/?p=24717"},"modified":"2020-09-01T22:18:18","modified_gmt":"2020-09-02T01:18:18","slug":"saiba-como-esta-a-evolucao-do-covid-19-em-ribeira-do-amparo-ba","status":"publish","type":"post","link":"https:\/\/www.portalalerta.com.br\/index.php\/2020\/05\/29\/saiba-como-esta-a-evolucao-do-covid-19-em-ribeira-do-amparo-ba\/","title":{"rendered":"Saiba como est\u00e1 a evolu\u00e7\u00e3o do Covid-19 em Ribeira do Amparo-BA"},"content":{"rendered":"<p style=\"text-align: justify;\">O munic\u00edpio de Ribeira do Amparo-BA, registrou o primeiro caso de Covid-19 (Coronav\u00edrus), no dia 13 de maio de 2020. <a href=\"https:\/\/www.portalalerta.com.br\/index.php\/2020\/05\/13\/ribeira-do-amparo-ba-confirma-o-primeiro-caso-de-covid-19\/\"><strong>Na \u00e9poca, o paciente que \u00e9 oriundo do estado de S\u00e3o Paulo, testando positivo para a doen\u00e7a ap\u00f3s ser submetido a um teste r\u00e1pido<\/strong><\/a>. \u00a0<!--more--><\/p>\n<p style=\"text-align: justify;\">A 13\u00aa semana foi considerada o pior per\u00edodo da pandemia, com 32 novos casos.<\/p>\n<h2 style=\"text-align: justify;\">Confira os gr\u00e1ficos:<\/h2>\n<p><img fetchpriority=\"high\" decoding=\"async\" class=\"wp-image-27952 size-full\" src=\"https:\/\/www.portalalerta.com.br\/wp-content\/uploads\/2020\/05\/gr\u00e1fico-covid19-em-Ribeira-do-Amparo-2020.17.jpg\" alt=\"\" width=\"540\" height=\"430\" \/><\/p>\n<figure id=\"attachment_29064\" aria-describedby=\"caption-attachment-29064\" style=\"width: 540px\" class=\"wp-caption aligncenter\"><img decoding=\"async\" class=\"wp-image-29064 size-full\" src=\"https:\/\/www.portalalerta.com.br\/wp-content\/uploads\/2020\/05\/gr\u00e1fico-covid19-em-Ribeira-do-Amparo-2020.11.jpg\" alt=\"\" width=\"540\" height=\"430\" srcset=\"https:\/\/www.portalalerta.com.br\/wp-content\/uploads\/2020\/05\/gr\u00e1fico-covid19-em-Ribeira-do-Amparo-2020.11.jpg 540w, https:\/\/www.portalalerta.com.br\/wp-content\/uploads\/2020\/05\/gr\u00e1fico-covid19-em-Ribeira-do-Amparo-2020.11-301x240.jpg 301w, https:\/\/www.portalalerta.com.br\/wp-content\/uploads\/2020\/05\/gr\u00e1fico-covid19-em-Ribeira-do-Amparo-2020.11-183x146.jpg 183w, https:\/\/www.portalalerta.com.br\/wp-content\/uploads\/2020\/05\/gr\u00e1fico-covid19-em-Ribeira-do-Amparo-2020.11-50x40.jpg 50w, https:\/\/www.portalalerta.com.br\/wp-content\/uploads\/2020\/05\/gr\u00e1fico-covid19-em-Ribeira-do-Amparo-2020.11-94x75.jpg 94w\" sizes=\"(max-width: 540px) 100vw, 540px\" \/><figcaption id=\"caption-attachment-29064\" class=\"wp-caption-text\">Ao todo 156 pessoas foram infectadas em Ribeira do Amparo-BA<\/figcaption><\/figure>\n<p>&nbsp;<\/p>\n<p><img decoding=\"async\" class=\"wp-image-27953 size-full\" src=\"https:\/\/www.portalalerta.com.br\/wp-content\/uploads\/2020\/05\/gr\u00e1fico-covid19-em-Ribeira-do-Amparo-2020.18.jpg\" alt=\"\" width=\"540\" height=\"430\" \/><\/p>\n<figure id=\"attachment_29065\" aria-describedby=\"caption-attachment-29065\" style=\"width: 540px\" class=\"wp-caption aligncenter\"><img loading=\"lazy\" decoding=\"async\" class=\"wp-image-29065 size-full\" src=\"https:\/\/www.portalalerta.com.br\/wp-content\/uploads\/2020\/05\/gr\u00e1fico-covid19-em-Ribeira-do-Amparo-2020.12.jpg\" alt=\"\" width=\"540\" height=\"430\" srcset=\"https:\/\/www.portalalerta.com.br\/wp-content\/uploads\/2020\/05\/gr\u00e1fico-covid19-em-Ribeira-do-Amparo-2020.12.jpg 540w, https:\/\/www.portalalerta.com.br\/wp-content\/uploads\/2020\/05\/gr\u00e1fico-covid19-em-Ribeira-do-Amparo-2020.12-301x240.jpg 301w, https:\/\/www.portalalerta.com.br\/wp-content\/uploads\/2020\/05\/gr\u00e1fico-covid19-em-Ribeira-do-Amparo-2020.12-183x146.jpg 183w, https:\/\/www.portalalerta.com.br\/wp-content\/uploads\/2020\/05\/gr\u00e1fico-covid19-em-Ribeira-do-Amparo-2020.12-50x40.jpg 50w, https:\/\/www.portalalerta.com.br\/wp-content\/uploads\/2020\/05\/gr\u00e1fico-covid19-em-Ribeira-do-Amparo-2020.12-94x75.jpg 94w\" sizes=\"(max-width: 540px) 100vw, 540px\" \/><figcaption id=\"caption-attachment-29065\" class=\"wp-caption-text\">Houve 116 registros de cura, e 01 \u00f3bito no munic\u00edpio<\/figcaption><\/figure>\n<h2 style=\"text-align: justify;\">Quadro Epidemiol\u00f3gico de Ribeira do Amparo-BA:<\/h2>\n<p style=\"text-align: justify;\"><strong>Infectados:<\/strong>\u00a0156<\/p>\n<p style=\"text-align: justify;\"><strong>Em tratamento:<\/strong>\u00a039<\/p>\n<p style=\"text-align: justify;\"><strong>Curados:<\/strong>\u00a0116<\/p>\n<p style=\"text-align: justify;\"><strong>\u00d3bitos:<\/strong> 01<\/p>\n<p style=\"text-align: justify;\"><em>Reda\u00e7\u00e3o: Portal Alerta<\/em><\/p>\n<p style=\"text-align: justify;\"><strong><em>#fiqueemcasa<\/em><\/strong><\/p>\n<p><strong><em>#usemascaras<\/em><\/strong><\/p>\n","protected":false},"excerpt":{"rendered":"<p>O munic\u00edpio de Ribeira do Amparo-BA, registrou o primeiro caso de Covid-19 (Coronav\u00edrus), no dia 13 de maio de 2020. Na \u00e9poca, o paciente que \u00e9 oriundo do estado de S\u00e3o Paulo, testando positivo para a doen\u00e7a ap\u00f3s ser submetido a um teste r\u00e1pido. \u00a0<\/p>\n","protected":false},"author":2,"featured_media":5772,"comment_status":"open","ping_status":"open","sticky":false,"template":"","format":"standard","meta":{"om_disable_all_campaigns":false,"_monsterinsights_skip_tracking":false,"_monsterinsights_sitenote_active":false,"_monsterinsights_sitenote_note":"","_monsterinsights_sitenote_category":0,"footnotes":""},"categories":[69,32,16,19],"tags":[3429,3486,88,61],"class_list":["post-24717","post","type-post","status-publish","format-standard","has-post-thumbnail","hentry","category-noticias2","category-regiao","category-ribeira-do-amparo","category-saude","tag-coronavirus","tag-covid-19","tag-ribeira-do-amparo","tag-saude"],"aioseo_notices":[],"_links":{"self":[{"href":"https:\/\/www.portalalerta.com.br\/index.php\/wp-json\/wp\/v2\/posts\/24717","targetHints":{"allow":["GET"]}}],"collection":[{"href":"https:\/\/www.portalalerta.com.br\/index.php\/wp-json\/wp\/v2\/posts"}],"about":[{"href":"https:\/\/www.portalalerta.com.br\/index.php\/wp-json\/wp\/v2\/types\/post"}],"author":[{"embeddable":true,"href":"https:\/\/www.portalalerta.com.br\/index.php\/wp-json\/wp\/v2\/users\/2"}],"replies":[{"embeddable":true,"href":"https:\/\/www.portalalerta.com.br\/index.php\/wp-json\/wp\/v2\/comments?post=24717"}],"version-history":[{"count":32,"href":"https:\/\/www.portalalerta.com.br\/index.php\/wp-json\/wp\/v2\/posts\/24717\/revisions"}],"predecessor-version":[{"id":29086,"href":"https:\/\/www.portalalerta.com.br\/index.php\/wp-json\/wp\/v2\/posts\/24717\/revisions\/29086"}],"wp:featuredmedia":[{"embeddable":true,"href":"https:\/\/www.portalalerta.com.br\/index.php\/wp-json\/wp\/v2\/media\/5772"}],"wp:attachment":[{"href":"https:\/\/www.portalalerta.com.br\/index.php\/wp-json\/wp\/v2\/media?parent=24717"}],"wp:term":[{"taxonomy":"category","embeddable":true,"href":"https:\/\/www.portalalerta.com.br\/index.php\/wp-json\/wp\/v2\/categories?post=24717"},{"taxonomy":"post_tag","embeddable":true,"href":"https:\/\/www.portalalerta.com.br\/index.php\/wp-json\/wp\/v2\/tags?post=24717"}],"curies":[{"name":"wp","href":"https:\/\/api.w.org\/{rel}","templated":true}]}}