{"id":24727,"date":"2020-05-29T23:57:16","date_gmt":"2020-05-30T02:57:16","guid":{"rendered":"https:\/\/www.portalalerta.com.br\/?p=24727"},"modified":"2020-05-29T23:57:16","modified_gmt":"2020-05-30T02:57:16","slug":"cipo-e-ribeira-do-amparo-registram-o-segundo-caso-de-covid-19","status":"publish","type":"post","link":"https:\/\/www.portalalerta.com.br\/index.php\/2020\/05\/29\/cipo-e-ribeira-do-amparo-registram-o-segundo-caso-de-covid-19\/","title":{"rendered":"Cip\u00f3 e Ribeira do Amparo registram o segundo caso de Covid-19"},"content":{"rendered":"<p style=\"text-align: justify;\">Nos \u00faltimos dias, os munic\u00edpios de Ribeira do Amparo-BA e Cip\u00f3-BA voltaram a divulgar mais um caso de Covid-19 (Coronav\u00edrus) nas respectivas cidades.<!--more--><\/p>\n<p style=\"text-align: justify;\"><img fetchpriority=\"high\" decoding=\"async\" class=\"size-thumbnail wp-image-9394 alignleft\" src=\"https:\/\/www.portalalerta.com.br\/wp-content\/uploads\/2018\/07\/05elab-320x240.jpg\" alt=\"\" width=\"320\" height=\"240\" srcset=\"https:\/\/www.portalalerta.com.br\/wp-content\/uploads\/2018\/07\/05elab-320x240.jpg 320w, https:\/\/www.portalalerta.com.br\/wp-content\/uploads\/2018\/07\/05elab-195x146.jpg 195w, https:\/\/www.portalalerta.com.br\/wp-content\/uploads\/2018\/07\/05elab-50x38.jpg 50w, https:\/\/www.portalalerta.com.br\/wp-content\/uploads\/2018\/07\/05elab-100x75.jpg 100w, https:\/\/www.portalalerta.com.br\/wp-content\/uploads\/2018\/07\/05elab.jpg 400w\" sizes=\"(max-width: 320px) 100vw, 320px\" \/>Na \u00faltima quinta-feira, 28, a Secretaria Municipal de Sa\u00fade de Ribeira do Amparo confirmou o segundo caso, por meio de uma nota amplamente divulgada nas redes sociais. O documento afirma que se trata de uma paciente de 30 anos de idade, oriunda do estado de S\u00e3o Paulo. A mesma se encontra em isolamento social, sendo monitorada desde a sua chegada ao munic\u00edpio, tendo a infec\u00e7\u00e3o constatada atrav\u00e9s de teste r\u00e1pido.<\/p>\n<p style=\"text-align: justify;\"><a href=\"https:\/\/www.portalalerta.com.br\/index.php\/2020\/05\/29\/saiba-como-esta-a-evolucao-do-covid-19-em-ribeira-do-amparo-ba\/\"><strong>Clique aqui e saiba como est\u00e1 a evolu\u00e7\u00e3o do Covid-19 em Ribeira do Amparo-BA<\/strong><\/a><\/p>\n<p style=\"text-align: justify;\">Assim como Ribeira do Amparo, Cip\u00f3 tamb\u00e9m teve a segunda confirma\u00e7\u00e3o divulgada na \u00faltima quinta-feira, 28, por\u00e9m feita apenas atrav\u00e9s de Boletim Epidemiol\u00f3gico.<\/p>\n<h1 style=\"text-align: justify;\"><a href=\"https:\/\/www.portalalerta.com.br\/index.php\/2020\/05\/29\/saiba-como-esta-a-evolucao-do-covid-19-em-cipo-ba\/\"><strong>Clique aqui e saiba como est\u00e1 a evolu\u00e7\u00e3o do Covid-19 em Cip\u00f3-BA<\/strong><\/a><\/h1>\n<p style=\"text-align: justify;\"><em>Reda\u00e7\u00e3o: Portal Alerta<\/em><\/p>\n<p style=\"text-align: justify;\"><strong><em>#fiqueemcasa<\/em><\/strong><\/p>\n","protected":false},"excerpt":{"rendered":"<p>Nos \u00faltimos dias, os munic\u00edpios de Ribeira do Amparo-BA e Cip\u00f3-BA voltaram a divulgar mais um caso de Covid-19 (Coronav\u00edrus) nas respectivas cidades.<\/p>\n","protected":false},"author":2,"featured_media":22281,"comment_status":"open","ping_status":"open","sticky":false,"template":"","format":"standard","meta":{"om_disable_all_campaigns":false,"_monsterinsights_skip_tracking":false,"_monsterinsights_sitenote_active":false,"_monsterinsights_sitenote_note":"","_monsterinsights_sitenote_category":0,"footnotes":""},"categories":[13,70,69,32,16,19],"tags":[45,3429,3486,3560,88],"class_list":["post-24727","post","type-post","status-publish","format-standard","has-post-thumbnail","hentry","category-cipo","category-destaques","category-noticias2","category-regiao","category-ribeira-do-amparo","category-saude","tag-cipo","tag-coronavirus","tag-covid-19","tag-infectados","tag-ribeira-do-amparo"],"aioseo_notices":[],"_links":{"self":[{"href":"https:\/\/www.portalalerta.com.br\/index.php\/wp-json\/wp\/v2\/posts\/24727","targetHints":{"allow":["GET"]}}],"collection":[{"href":"https:\/\/www.portalalerta.com.br\/index.php\/wp-json\/wp\/v2\/posts"}],"about":[{"href":"https:\/\/www.portalalerta.com.br\/index.php\/wp-json\/wp\/v2\/types\/post"}],"author":[{"embeddable":true,"href":"https:\/\/www.portalalerta.com.br\/index.php\/wp-json\/wp\/v2\/users\/2"}],"replies":[{"embeddable":true,"href":"https:\/\/www.portalalerta.com.br\/index.php\/wp-json\/wp\/v2\/comments?post=24727"}],"version-history":[{"count":1,"href":"https:\/\/www.portalalerta.com.br\/index.php\/wp-json\/wp\/v2\/posts\/24727\/revisions"}],"predecessor-version":[{"id":24728,"href":"https:\/\/www.portalalerta.com.br\/index.php\/wp-json\/wp\/v2\/posts\/24727\/revisions\/24728"}],"wp:featuredmedia":[{"embeddable":true,"href":"https:\/\/www.portalalerta.com.br\/index.php\/wp-json\/wp\/v2\/media\/22281"}],"wp:attachment":[{"href":"https:\/\/www.portalalerta.com.br\/index.php\/wp-json\/wp\/v2\/media?parent=24727"}],"wp:term":[{"taxonomy":"category","embeddable":true,"href":"https:\/\/www.portalalerta.com.br\/index.php\/wp-json\/wp\/v2\/categories?post=24727"},{"taxonomy":"post_tag","embeddable":true,"href":"https:\/\/www.portalalerta.com.br\/index.php\/wp-json\/wp\/v2\/tags?post=24727"}],"curies":[{"name":"wp","href":"https:\/\/api.w.org\/{rel}","templated":true}]}}