{"id":24735,"date":"2020-05-30T00:57:16","date_gmt":"2020-05-30T03:57:16","guid":{"rendered":"https:\/\/www.portalalerta.com.br\/?p=24735"},"modified":"2020-05-30T00:57:16","modified_gmt":"2020-05-30T03:57:16","slug":"cicero-dantas-ba-registra-a-primeira-morte-por-covid-19","status":"publish","type":"post","link":"https:\/\/www.portalalerta.com.br\/index.php\/2020\/05\/30\/cicero-dantas-ba-registra-a-primeira-morte-por-covid-19\/","title":{"rendered":"C\u00edcero Dantas-BA registra a primeira morte por Covid-19"},"content":{"rendered":"<p style=\"text-align: justify;\">Na manh\u00e3 desta sexta-feira, 29, foi confirmada a morte de um homem de 46 anos em decorr\u00eancia do novo coronav\u00edrus (Covid-19), em Cicero Dantas-BA.\u00a0<!--more--><\/p>\n<p>A Secret\u00e1ria Municipal de Sa\u00fade, Paula Luisa, afirmou que o paciente positivo para coronav\u00edrus, teve como munic\u00edpio de resid\u00eancia Cicero Dantas-BA no boletim estadual, por\u00e9m, ela ressalta que o mesmo se encontrava na capital Salvador, internado, e veio a \u00f3bito na tarde do dia 28 de Maio. Foi constatado que o homem faleceu com COVID-19, que foi a causa secund\u00e1ria.<\/p>\n<p><img fetchpriority=\"high\" decoding=\"async\" class=\"size-thumbnail wp-image-4869 aligncenter\" src=\"https:\/\/www.portalalerta.com.br\/wp-content\/uploads\/2018\/02\/Auto-Escola-Nobre-720x181.jpg\" alt=\"\" width=\"720\" height=\"181\" srcset=\"https:\/\/www.portalalerta.com.br\/wp-content\/uploads\/2018\/02\/Auto-Escola-Nobre.jpg 720w, https:\/\/www.portalalerta.com.br\/wp-content\/uploads\/2018\/02\/Auto-Escola-Nobre-260x65.jpg 260w, https:\/\/www.portalalerta.com.br\/wp-content\/uploads\/2018\/02\/Auto-Escola-Nobre-50x13.jpg 50w, https:\/\/www.portalalerta.com.br\/wp-content\/uploads\/2018\/02\/Auto-Escola-Nobre-150x38.jpg 150w\" sizes=\"(max-width: 720px) 100vw, 720px\" \/><strong><em>Relembre o caso<\/em><\/strong><\/p>\n<p>Segundo a Secretaria Municipal de Sa\u00fade &#8211; SMS, o homem havia se dirigido ao Hospital Luis Eduardo Magalh\u00e3es no dia 05 de maio, e em sequ\u00eancia foi feita a sua transfer\u00eancia para uma unidade na capital do estado. A SMS esclarece que o paciente realizou dois testes r\u00e1pidos que n\u00e3o detectaram a presen\u00e7a do v\u00edrus da Covid-19.<\/p>\n<p>Por\u00e9m, na \u00faltima quarta-feira (20), o mesmo foi submetido a uma coleta do tipo swab para a realiza\u00e7\u00e3o do teste RT-PCR, que possui uma sensibilidade maior em compara\u00e7\u00e3o com o r\u00e1pido. Diante disso, o resultado do exame foi informado \u00e0 secretaria na tarde do \u00faltimo domingo (24), e se mostrou positivo para o novo coronav\u00edrus.<\/p>\n<p>A secretaria ressalta que reconheceu o paciente como pertencentes ao munic\u00edpio, por\u00e9m ele obteve o diagn\u00f3stico positivo ap\u00f3s 14 dias de transfer\u00eancia da nossa unidade hospitalar.<\/p>\n<h1 style=\"text-align: justify;\"><a href=\"https:\/\/www.portalalerta.com.br\/index.php\/2020\/05\/25\/saiba-como-esta-a-evolucao-do-covid-19-em-cicero-dantas-ba\/\">Saiba como est\u00e1 a evolu\u00e7\u00e3o do Covid-19 em C\u00edcero Dantas-BA<\/a><\/h1>\n<p style=\"text-align: justify;\"><em>Fonte: C\u00edcero Dantas Acontece <\/em><\/p>\n","protected":false},"excerpt":{"rendered":"<p>Na manh\u00e3 desta sexta-feira, 29, foi confirmada a morte de um homem de 46 anos em decorr\u00eancia do novo coronav\u00edrus (Covid-19), em Cicero Dantas-BA.\u00a0<\/p>\n","protected":false},"author":2,"featured_media":19760,"comment_status":"open","ping_status":"open","sticky":false,"template":"","format":"standard","meta":{"om_disable_all_campaigns":false,"_monsterinsights_skip_tracking":false,"_monsterinsights_sitenote_active":false,"_monsterinsights_sitenote_note":"","_monsterinsights_sitenote_category":0,"footnotes":""},"categories":[4,70,69,32,19],"tags":[75,3429,3486,169,61],"class_list":["post-24735","post","type-post","status-publish","format-standard","has-post-thumbnail","hentry","category-cicero-dantas","category-destaques","category-noticias2","category-regiao","category-saude","tag-cicero-dantas","tag-coronavirus","tag-covid-19","tag-morte","tag-saude"],"aioseo_notices":[],"_links":{"self":[{"href":"https:\/\/www.portalalerta.com.br\/index.php\/wp-json\/wp\/v2\/posts\/24735","targetHints":{"allow":["GET"]}}],"collection":[{"href":"https:\/\/www.portalalerta.com.br\/index.php\/wp-json\/wp\/v2\/posts"}],"about":[{"href":"https:\/\/www.portalalerta.com.br\/index.php\/wp-json\/wp\/v2\/types\/post"}],"author":[{"embeddable":true,"href":"https:\/\/www.portalalerta.com.br\/index.php\/wp-json\/wp\/v2\/users\/2"}],"replies":[{"embeddable":true,"href":"https:\/\/www.portalalerta.com.br\/index.php\/wp-json\/wp\/v2\/comments?post=24735"}],"version-history":[{"count":1,"href":"https:\/\/www.portalalerta.com.br\/index.php\/wp-json\/wp\/v2\/posts\/24735\/revisions"}],"predecessor-version":[{"id":24736,"href":"https:\/\/www.portalalerta.com.br\/index.php\/wp-json\/wp\/v2\/posts\/24735\/revisions\/24736"}],"wp:featuredmedia":[{"embeddable":true,"href":"https:\/\/www.portalalerta.com.br\/index.php\/wp-json\/wp\/v2\/media\/19760"}],"wp:attachment":[{"href":"https:\/\/www.portalalerta.com.br\/index.php\/wp-json\/wp\/v2\/media?parent=24735"}],"wp:term":[{"taxonomy":"category","embeddable":true,"href":"https:\/\/www.portalalerta.com.br\/index.php\/wp-json\/wp\/v2\/categories?post=24735"},{"taxonomy":"post_tag","embeddable":true,"href":"https:\/\/www.portalalerta.com.br\/index.php\/wp-json\/wp\/v2\/tags?post=24735"}],"curies":[{"name":"wp","href":"https:\/\/api.w.org\/{rel}","templated":true}]}}