{"id":24751,"date":"2020-05-30T12:21:19","date_gmt":"2020-05-30T15:21:19","guid":{"rendered":"https:\/\/www.portalalerta.com.br\/?p=24751"},"modified":"2020-05-30T12:27:49","modified_gmt":"2020-05-30T15:27:49","slug":"ribeira-do-pombal-ba-registra-mais-um-caso-de-covid-19-paciente-se-encontra-internada","status":"publish","type":"post","link":"https:\/\/www.portalalerta.com.br\/index.php\/2020\/05\/30\/ribeira-do-pombal-ba-registra-mais-um-caso-de-covid-19-paciente-se-encontra-internada\/","title":{"rendered":"Ribeira do Pombal-BA registra mais um caso de Covid-19. Paciente se encontra internada!"},"content":{"rendered":"<p style=\"text-align: justify;\">A Secretaria Municipal de Sa\u00fade de Ribeira do Pombal-BA divulgou na manh\u00e3 deste s\u00e1bado, 30, o d\u00e9cimo nono caso de Covid-19 na cidade.<!--more--><\/p>\n<p style=\"text-align: justify;\"><img fetchpriority=\"high\" decoding=\"async\" class=\"size-thumbnail wp-image-23589 aligncenter\" src=\"https:\/\/www.portalalerta.com.br\/wp-content\/uploads\/2020\/04\/real-acordo-720x93.jpg\" alt=\"\" width=\"720\" height=\"93\" \/>Trata-se de uma mulher de 35 anos, que teve contato intradomiciliar com o um homem de 41 anos de idade, apontado como o 14\u00ba caso do munic\u00edpio no \u00faltimo dia 26. Ainda de acordo com a nota, a paciente se encontra internada na Unidade de Pronto Atendimento Municipal ao Covid-19, desde o dia 27, tendo em vista que a mesma faz parte do grupo de risco, pois \u00e9 asm\u00e1tica, hipertensa e diab\u00e9tica.<\/p>\n<p style=\"text-align: justify;\">Atualmente o quadro cl\u00ednico da paciente \u00e9 considerado est\u00e1vel, mas deve permanecer internada, em observa\u00e7\u00e3o.<\/p>\n<p style=\"text-align: justify;\"><a href=\"https:\/\/www.portalalerta.com.br\/index.php\/2020\/05\/26\/saiba-como-esta-a-evolucao-do-covid-19-em-ribeira-do-pombal-ba\/\"><strong>Clique aqui e Saiba como est\u00e1 a evolu\u00e7\u00e3o do Covid-19 em Ribeira do Pombal-BA<\/strong><\/a><\/p>\n<p style=\"text-align: justify;\"><em>Reda\u00e7\u00e3o: Portal Alerta<\/em><\/p>\n<p><em><strong>#fiqueemcasa<\/strong><\/em><\/p>\n","protected":false},"excerpt":{"rendered":"<p>A Secretaria Municipal de Sa\u00fade de Ribeira do Pombal-BA divulgou na manh\u00e3 deste s\u00e1bado, 30, o d\u00e9cimo nono caso de Covid-19 na cidade.<\/p>\n","protected":false},"author":2,"featured_media":24456,"comment_status":"open","ping_status":"open","sticky":false,"template":"","format":"standard","meta":{"om_disable_all_campaigns":false,"_monsterinsights_skip_tracking":false,"_monsterinsights_sitenote_active":false,"_monsterinsights_sitenote_note":"","_monsterinsights_sitenote_category":0,"footnotes":""},"categories":[70,69,32,3,19],"tags":[3429,3486,47,61],"class_list":["post-24751","post","type-post","status-publish","format-standard","has-post-thumbnail","hentry","category-destaques","category-noticias2","category-regiao","category-ribeira-do-pombal","category-saude","tag-coronavirus","tag-covid-19","tag-ribeira-do-pombal","tag-saude"],"aioseo_notices":[],"_links":{"self":[{"href":"https:\/\/www.portalalerta.com.br\/index.php\/wp-json\/wp\/v2\/posts\/24751","targetHints":{"allow":["GET"]}}],"collection":[{"href":"https:\/\/www.portalalerta.com.br\/index.php\/wp-json\/wp\/v2\/posts"}],"about":[{"href":"https:\/\/www.portalalerta.com.br\/index.php\/wp-json\/wp\/v2\/types\/post"}],"author":[{"embeddable":true,"href":"https:\/\/www.portalalerta.com.br\/index.php\/wp-json\/wp\/v2\/users\/2"}],"replies":[{"embeddable":true,"href":"https:\/\/www.portalalerta.com.br\/index.php\/wp-json\/wp\/v2\/comments?post=24751"}],"version-history":[{"count":1,"href":"https:\/\/www.portalalerta.com.br\/index.php\/wp-json\/wp\/v2\/posts\/24751\/revisions"}],"predecessor-version":[{"id":24752,"href":"https:\/\/www.portalalerta.com.br\/index.php\/wp-json\/wp\/v2\/posts\/24751\/revisions\/24752"}],"wp:featuredmedia":[{"embeddable":true,"href":"https:\/\/www.portalalerta.com.br\/index.php\/wp-json\/wp\/v2\/media\/24456"}],"wp:attachment":[{"href":"https:\/\/www.portalalerta.com.br\/index.php\/wp-json\/wp\/v2\/media?parent=24751"}],"wp:term":[{"taxonomy":"category","embeddable":true,"href":"https:\/\/www.portalalerta.com.br\/index.php\/wp-json\/wp\/v2\/categories?post=24751"},{"taxonomy":"post_tag","embeddable":true,"href":"https:\/\/www.portalalerta.com.br\/index.php\/wp-json\/wp\/v2\/tags?post=24751"}],"curies":[{"name":"wp","href":"https:\/\/api.w.org\/{rel}","templated":true}]}}