{"id":24756,"date":"2020-05-30T13:09:31","date_gmt":"2020-05-30T16:09:31","guid":{"rendered":"https:\/\/www.portalalerta.com.br\/?p=24756"},"modified":"2020-09-18T09:57:06","modified_gmt":"2020-09-18T12:57:06","slug":"saiba-como-esta-a-evolucao-do-covid-19-em-nova-soure-ba","status":"publish","type":"post","link":"https:\/\/www.portalalerta.com.br\/index.php\/2020\/05\/30\/saiba-como-esta-a-evolucao-do-covid-19-em-nova-soure-ba\/","title":{"rendered":"Saiba como est\u00e1 a evolu\u00e7\u00e3o do Covid-19 em Nova Soure-BA"},"content":{"rendered":"<p style=\"text-align: justify;\">O munic\u00edpio de Nova Soure-BA, registrou o primeiro caso de Covid-19 (Coronav\u00edrus), no dia 24 de mar\u00e7o de 2020. <a href=\"https:\/\/www.portalalerta.com.br\/index.php\/2020\/03\/24\/prefeito-de-nova-soure-ba-confirma-o-primeiro-caso-de-coronavirus-no-municipio\/\"><strong>Na \u00e9poca, a paciente foi identificada como uma profissional de sa\u00fade que atua no munic\u00edpio, por\u00e9m \u00e9 moradora da Capital Baiana<\/strong><\/a>. O caso foi contabilizado pelo munic\u00edpio, por\u00e9m o Governo do Estado o considerou como de Salvador-BA. Nova Soure foi o primeiro munic\u00edpio da regi\u00e3o que registrou infec\u00e7\u00e3o por Covid-19.<!--more--><\/p>\n<p style=\"text-align: justify;\">Com a ado\u00e7\u00e3o de testes r\u00e1pidos para detec\u00e7\u00e3o da doen\u00e7a, bem como a chegada de novos imigrantes de regi\u00f5es consideradas de alto risco de infec\u00e7\u00e3o, o munic\u00edpio viu o n\u00famero de infectados crescer consideravelmente. A 15\u00aa semana j\u00e1 \u00e9 considerada o pior per\u00edodo desde o in\u00edcio da pandemia, com 69 registros de novos casos.<\/p>\n<h2 style=\"text-align: justify;\">Confira os gr\u00e1ficos:<\/h2>\n<figure id=\"attachment_29439\" aria-describedby=\"caption-attachment-29439\" style=\"width: 540px\" class=\"wp-caption aligncenter\"><img fetchpriority=\"high\" decoding=\"async\" class=\"wp-image-29439 size-full\" src=\"https:\/\/www.portalalerta.com.br\/wp-content\/uploads\/2020\/05\/gr\u00e1fico-covid19-em-Nova-Soure-2020.16.jpg\" alt=\"\" width=\"540\" height=\"430\" srcset=\"https:\/\/www.portalalerta.com.br\/wp-content\/uploads\/2020\/05\/gr\u00e1fico-covid19-em-Nova-Soure-2020.16.jpg 540w, https:\/\/www.portalalerta.com.br\/wp-content\/uploads\/2020\/05\/gr\u00e1fico-covid19-em-Nova-Soure-2020.16-301x240.jpg 301w, https:\/\/www.portalalerta.com.br\/wp-content\/uploads\/2020\/05\/gr\u00e1fico-covid19-em-Nova-Soure-2020.16-183x146.jpg 183w, https:\/\/www.portalalerta.com.br\/wp-content\/uploads\/2020\/05\/gr\u00e1fico-covid19-em-Nova-Soure-2020.16-50x40.jpg 50w, https:\/\/www.portalalerta.com.br\/wp-content\/uploads\/2020\/05\/gr\u00e1fico-covid19-em-Nova-Soure-2020.16-94x75.jpg 94w\" sizes=\"(max-width: 540px) 100vw, 540px\" \/><figcaption id=\"caption-attachment-29439\" class=\"wp-caption-text\">Ao todo 285 pessoas foram infectadas em Nova Soure-BA<\/figcaption><\/figure>\n<p>&nbsp;<\/p>\n<figure id=\"attachment_29440\" aria-describedby=\"caption-attachment-29440\" style=\"width: 540px\" class=\"wp-caption aligncenter\"><img decoding=\"async\" class=\"wp-image-29440 size-full\" src=\"https:\/\/www.portalalerta.com.br\/wp-content\/uploads\/2020\/05\/gr\u00e1fico-covid19-em-Nova-Soure-2020.17.jpg\" alt=\"\" width=\"540\" height=\"430\" srcset=\"https:\/\/www.portalalerta.com.br\/wp-content\/uploads\/2020\/05\/gr\u00e1fico-covid19-em-Nova-Soure-2020.17.jpg 540w, https:\/\/www.portalalerta.com.br\/wp-content\/uploads\/2020\/05\/gr\u00e1fico-covid19-em-Nova-Soure-2020.17-301x240.jpg 301w, https:\/\/www.portalalerta.com.br\/wp-content\/uploads\/2020\/05\/gr\u00e1fico-covid19-em-Nova-Soure-2020.17-183x146.jpg 183w, https:\/\/www.portalalerta.com.br\/wp-content\/uploads\/2020\/05\/gr\u00e1fico-covid19-em-Nova-Soure-2020.17-50x40.jpg 50w, https:\/\/www.portalalerta.com.br\/wp-content\/uploads\/2020\/05\/gr\u00e1fico-covid19-em-Nova-Soure-2020.17-94x75.jpg 94w\" sizes=\"(max-width: 540px) 100vw, 540px\" \/><figcaption id=\"caption-attachment-29440\" class=\"wp-caption-text\">278 pessoas foram curadas, e 02 evolu\u00edram a \u00f3bito<\/figcaption><\/figure>\n<h2 style=\"text-align: justify;\">\u00a0Quadro Epidemiol\u00f3gico de Nova Soure-BA:<\/h2>\n<p style=\"text-align: justify;\"><strong>Infectados:<\/strong>\u00a0285<\/p>\n<p style=\"text-align: justify;\"><strong>Em tratamento:<\/strong>\u00a005<\/p>\n<p style=\"text-align: justify;\"><strong>Curados:<\/strong>\u00a0278<\/p>\n<p style=\"text-align: justify;\"><strong>\u00d3bitos:<\/strong> 02<\/p>\n<p style=\"text-align: justify;\"><em>Reda\u00e7\u00e3o: Portal Alerta<\/em><\/p>\n<p style=\"text-align: justify;\"><strong><em>#fiqueemcasa<\/em><\/strong><\/p>\n<p><em><strong>#usemascaras<\/strong><\/em><\/p>\n","protected":false},"excerpt":{"rendered":"<p>O munic\u00edpio de Nova Soure-BA, registrou o primeiro caso de Covid-19 (Coronav\u00edrus), no dia 24 de mar\u00e7o de 2020. Na \u00e9poca, a paciente foi identificada como uma profissional de sa\u00fade que atua no munic\u00edpio, por\u00e9m \u00e9 moradora da Capital Baiana. O caso foi contabilizado pelo munic\u00edpio, por\u00e9m o Governo do Estado o considerou como de &hellip;<\/p>\n","protected":false},"author":2,"featured_media":3401,"comment_status":"open","ping_status":"open","sticky":false,"template":"","format":"standard","meta":{"om_disable_all_campaigns":false,"_monsterinsights_skip_tracking":false,"_monsterinsights_sitenote_active":false,"_monsterinsights_sitenote_note":"","_monsterinsights_sitenote_category":0,"footnotes":""},"categories":[69,14,32,19],"tags":[3429,3486,106,61],"class_list":["post-24756","post","type-post","status-publish","format-standard","has-post-thumbnail","hentry","category-noticias2","category-nova-soure","category-regiao","category-saude","tag-coronavirus","tag-covid-19","tag-nova-soure","tag-saude"],"aioseo_notices":[],"_links":{"self":[{"href":"https:\/\/www.portalalerta.com.br\/index.php\/wp-json\/wp\/v2\/posts\/24756","targetHints":{"allow":["GET"]}}],"collection":[{"href":"https:\/\/www.portalalerta.com.br\/index.php\/wp-json\/wp\/v2\/posts"}],"about":[{"href":"https:\/\/www.portalalerta.com.br\/index.php\/wp-json\/wp\/v2\/types\/post"}],"author":[{"embeddable":true,"href":"https:\/\/www.portalalerta.com.br\/index.php\/wp-json\/wp\/v2\/users\/2"}],"replies":[{"embeddable":true,"href":"https:\/\/www.portalalerta.com.br\/index.php\/wp-json\/wp\/v2\/comments?post=24756"}],"version-history":[{"count":41,"href":"https:\/\/www.portalalerta.com.br\/index.php\/wp-json\/wp\/v2\/posts\/24756\/revisions"}],"predecessor-version":[{"id":29441,"href":"https:\/\/www.portalalerta.com.br\/index.php\/wp-json\/wp\/v2\/posts\/24756\/revisions\/29441"}],"wp:featuredmedia":[{"embeddable":true,"href":"https:\/\/www.portalalerta.com.br\/index.php\/wp-json\/wp\/v2\/media\/3401"}],"wp:attachment":[{"href":"https:\/\/www.portalalerta.com.br\/index.php\/wp-json\/wp\/v2\/media?parent=24756"}],"wp:term":[{"taxonomy":"category","embeddable":true,"href":"https:\/\/www.portalalerta.com.br\/index.php\/wp-json\/wp\/v2\/categories?post=24756"},{"taxonomy":"post_tag","embeddable":true,"href":"https:\/\/www.portalalerta.com.br\/index.php\/wp-json\/wp\/v2\/tags?post=24756"}],"curies":[{"name":"wp","href":"https:\/\/api.w.org\/{rel}","templated":true}]}}