{"id":24786,"date":"2020-05-30T20:13:44","date_gmt":"2020-05-30T23:13:44","guid":{"rendered":"https:\/\/www.portalalerta.com.br\/?p=24786"},"modified":"2020-09-01T22:07:09","modified_gmt":"2020-09-02T01:07:09","slug":"saiba-como-esta-a-evolucao-do-covid-19-em-olindina-ba","status":"publish","type":"post","link":"https:\/\/www.portalalerta.com.br\/index.php\/2020\/05\/30\/saiba-como-esta-a-evolucao-do-covid-19-em-olindina-ba\/","title":{"rendered":"Saiba como est\u00e1 a evolu\u00e7\u00e3o do Covid-19 em Olindina-BA"},"content":{"rendered":"<p style=\"text-align: justify;\">O munic\u00edpio de Olindina-BA, registrou o primeiro caso de Covid-19 (Coronav\u00edrus), no dia 22 de maio de 2020. O paciente foi identificado como um homem de 54 anos de idade, morador do centro da cidade. \u00a0<!--more--><\/p>\n<p style=\"text-align: justify;\">A 15\u00aa semana foi considerada o pior per\u00edodo desde o primeiro registro no munic\u00edpio, com 47 casos computados.<\/p>\n<h2 style=\"text-align: justify;\">Confira os gr\u00e1ficos:<\/h2>\n<figure id=\"attachment_29058\" aria-describedby=\"caption-attachment-29058\" style=\"width: 540px\" class=\"wp-caption aligncenter\"><img fetchpriority=\"high\" decoding=\"async\" class=\"wp-image-29058 size-full\" src=\"https:\/\/www.portalalerta.com.br\/wp-content\/uploads\/2020\/05\/gr\u00e1fico-covid19-em-Olindina-2020.2.jpg\" alt=\"\" width=\"540\" height=\"430\" srcset=\"https:\/\/www.portalalerta.com.br\/wp-content\/uploads\/2020\/05\/gr\u00e1fico-covid19-em-Olindina-2020.2.jpg 540w, https:\/\/www.portalalerta.com.br\/wp-content\/uploads\/2020\/05\/gr\u00e1fico-covid19-em-Olindina-2020.2-301x240.jpg 301w, https:\/\/www.portalalerta.com.br\/wp-content\/uploads\/2020\/05\/gr\u00e1fico-covid19-em-Olindina-2020.2-183x146.jpg 183w, https:\/\/www.portalalerta.com.br\/wp-content\/uploads\/2020\/05\/gr\u00e1fico-covid19-em-Olindina-2020.2-50x40.jpg 50w, https:\/\/www.portalalerta.com.br\/wp-content\/uploads\/2020\/05\/gr\u00e1fico-covid19-em-Olindina-2020.2-94x75.jpg 94w\" sizes=\"(max-width: 540px) 100vw, 540px\" \/><figcaption id=\"caption-attachment-29058\" class=\"wp-caption-text\">Ao todo, 216 pessoas foram infectadas por Covid-19 no munic\u00edpio<\/figcaption><\/figure>\n<p>&nbsp;<\/p>\n<figure id=\"attachment_29059\" aria-describedby=\"caption-attachment-29059\" style=\"width: 540px\" class=\"wp-caption aligncenter\"><img decoding=\"async\" class=\"wp-image-29059 size-full\" src=\"https:\/\/www.portalalerta.com.br\/wp-content\/uploads\/2020\/05\/gr\u00e1fico-covid19-em-Olindina-2020.3.jpg\" alt=\"\" width=\"540\" height=\"430\" srcset=\"https:\/\/www.portalalerta.com.br\/wp-content\/uploads\/2020\/05\/gr\u00e1fico-covid19-em-Olindina-2020.3.jpg 540w, https:\/\/www.portalalerta.com.br\/wp-content\/uploads\/2020\/05\/gr\u00e1fico-covid19-em-Olindina-2020.3-301x240.jpg 301w, https:\/\/www.portalalerta.com.br\/wp-content\/uploads\/2020\/05\/gr\u00e1fico-covid19-em-Olindina-2020.3-183x146.jpg 183w, https:\/\/www.portalalerta.com.br\/wp-content\/uploads\/2020\/05\/gr\u00e1fico-covid19-em-Olindina-2020.3-50x40.jpg 50w, https:\/\/www.portalalerta.com.br\/wp-content\/uploads\/2020\/05\/gr\u00e1fico-covid19-em-Olindina-2020.3-94x75.jpg 94w\" sizes=\"(max-width: 540px) 100vw, 540px\" \/><figcaption id=\"caption-attachment-29059\" class=\"wp-caption-text\">J\u00e1 foram registradas 157 curas, e 02 \u00f3bitos<\/figcaption><\/figure>\n<h2 style=\"text-align: justify;\">Quadro Epidemiol\u00f3gico de Olindina-BA:<\/h2>\n<p style=\"text-align: justify;\"><strong>Infectados:<\/strong>\u00a0216<\/p>\n<p style=\"text-align: justify;\"><strong>Em tratamento:<\/strong>\u00a057<\/p>\n<p style=\"text-align: justify;\"><strong>Curados:<\/strong>\u00a0157<\/p>\n<p style=\"text-align: justify;\"><strong>\u00d3bitos:<\/strong> 02<\/p>\n<p style=\"text-align: justify;\"><em>Reda\u00e7\u00e3o: Portal Alerta<\/em><\/p>\n<p style=\"text-align: justify;\"><strong><em>#fiqueemcasa<\/em><\/strong><\/p>\n<p><strong>#usemascaras<\/strong><\/p>\n","protected":false},"excerpt":{"rendered":"<p>O munic\u00edpio de Olindina-BA, registrou o primeiro caso de Covid-19 (Coronav\u00edrus), no dia 22 de maio de 2020. O paciente foi identificado como um homem de 54 anos de idade, morador do centro da cidade. \u00a0<\/p>\n","protected":false},"author":2,"featured_media":22991,"comment_status":"open","ping_status":"open","sticky":false,"template":"","format":"standard","meta":{"om_disable_all_campaigns":false,"_monsterinsights_skip_tracking":false,"_monsterinsights_sitenote_active":false,"_monsterinsights_sitenote_note":"","_monsterinsights_sitenote_category":0,"footnotes":""},"categories":[69,15,32,19],"tags":[3429,3486,120,61],"class_list":["post-24786","post","type-post","status-publish","format-standard","has-post-thumbnail","hentry","category-noticias2","category-olindina","category-regiao","category-saude","tag-coronavirus","tag-covid-19","tag-olindina","tag-saude"],"aioseo_notices":[],"_links":{"self":[{"href":"https:\/\/www.portalalerta.com.br\/index.php\/wp-json\/wp\/v2\/posts\/24786","targetHints":{"allow":["GET"]}}],"collection":[{"href":"https:\/\/www.portalalerta.com.br\/index.php\/wp-json\/wp\/v2\/posts"}],"about":[{"href":"https:\/\/www.portalalerta.com.br\/index.php\/wp-json\/wp\/v2\/types\/post"}],"author":[{"embeddable":true,"href":"https:\/\/www.portalalerta.com.br\/index.php\/wp-json\/wp\/v2\/users\/2"}],"replies":[{"embeddable":true,"href":"https:\/\/www.portalalerta.com.br\/index.php\/wp-json\/wp\/v2\/comments?post=24786"}],"version-history":[{"count":23,"href":"https:\/\/www.portalalerta.com.br\/index.php\/wp-json\/wp\/v2\/posts\/24786\/revisions"}],"predecessor-version":[{"id":29083,"href":"https:\/\/www.portalalerta.com.br\/index.php\/wp-json\/wp\/v2\/posts\/24786\/revisions\/29083"}],"wp:featuredmedia":[{"embeddable":true,"href":"https:\/\/www.portalalerta.com.br\/index.php\/wp-json\/wp\/v2\/media\/22991"}],"wp:attachment":[{"href":"https:\/\/www.portalalerta.com.br\/index.php\/wp-json\/wp\/v2\/media?parent=24786"}],"wp:term":[{"taxonomy":"category","embeddable":true,"href":"https:\/\/www.portalalerta.com.br\/index.php\/wp-json\/wp\/v2\/categories?post=24786"},{"taxonomy":"post_tag","embeddable":true,"href":"https:\/\/www.portalalerta.com.br\/index.php\/wp-json\/wp\/v2\/tags?post=24786"}],"curies":[{"name":"wp","href":"https:\/\/api.w.org\/{rel}","templated":true}]}}