{"id":24824,"date":"2020-05-31T16:27:00","date_gmt":"2020-05-31T19:27:00","guid":{"rendered":"https:\/\/www.portalalerta.com.br\/?p=24824"},"modified":"2020-05-31T16:27:00","modified_gmt":"2020-05-31T19:27:00","slug":"ifba-euclides-da-cunha-abre-processo-seletivo-de-pos-graduacao-lato-sensu-em-ensino-de-matematica","status":"publish","type":"post","link":"https:\/\/www.portalalerta.com.br\/index.php\/2020\/05\/31\/ifba-euclides-da-cunha-abre-processo-seletivo-de-pos-graduacao-lato-sensu-em-ensino-de-matematica\/","title":{"rendered":"IFBA Euclides da Cunha abre Processo Seletivo de P\u00f3s Gradua\u00e7\u00e3o Lato Sensu em Ensino de Matem\u00e1tica"},"content":{"rendered":"<p style=\"text-align: justify;\">O Instituto Federal de Educa\u00e7\u00e3o, Ci\u00eancia e Tecnologia da Bahia &#8211; IFBA, campus de Euclides da Cunha, divulga Processo Seletivo do Curso de P\u00f3s-Gradua\u00e7\u00e3o Lato Sensu em Ensino de Matem\u00e1tica: Matem\u00e1tica na Pr\u00e1tica, no \u00e2mbito da Universidade Aberta do Brasil (UAB) &#8211; IFBA.<!--more--><\/p>\n<p><img fetchpriority=\"high\" decoding=\"async\" class=\"size-thumbnail wp-image-23589 aligncenter\" src=\"https:\/\/www.portalalerta.com.br\/wp-content\/uploads\/2020\/04\/real-acordo-720x93.jpg\" alt=\"\" width=\"720\" height=\"93\" \/>Seu p\u00fablico alvo s\u00e3o professores de Matem\u00e1tica, formados em n\u00edvel superior, em cursos de licenciatura, que atuem em escolas p\u00fablicas e privadas, lecionando Matem\u00e1tica, nos Anos Finais do Ensino Fundamental e no Ensino M\u00e9dio. Ser\u00e3o ofertadas 40 vagas.<\/p>\n<p>As inscri\u00e7\u00f5es est\u00e3o abertas no per\u00edodo de 29 de Maio a 19 de Junho de 2020, exclusivamente realizadas via formul\u00e1rio eletr\u00f4nico.\u00a0Mais informa\u00e7\u00f5es podem ser obtidas no Edital n\u00ba 03\/2020 atrav\u00e9s do link:\u00a0<strong><a href=\"https:\/\/portal.ifba.edu.br\/euclides-da-cunha\/pos-graduacao\">https:\/\/portal.ifba.edu.br\/euclides-da-cunha\/pos-graduacao<\/a>.<\/strong><\/p>\n<p style=\"text-align: justify;\"><em>Fonte: SECOM\/ IFBA<\/em><\/p>\n","protected":false},"excerpt":{"rendered":"<p>O Instituto Federal de Educa\u00e7\u00e3o, Ci\u00eancia e Tecnologia da Bahia &#8211; IFBA, campus de Euclides da Cunha, divulga Processo Seletivo do Curso de P\u00f3s-Gradua\u00e7\u00e3o Lato Sensu em Ensino de Matem\u00e1tica: Matem\u00e1tica na Pr\u00e1tica, no \u00e2mbito da Universidade Aberta do Brasil (UAB) &#8211; IFBA.<\/p>\n","protected":false},"author":2,"featured_media":24825,"comment_status":"open","ping_status":"open","sticky":false,"template":"","format":"standard","meta":{"om_disable_all_campaigns":false,"_monsterinsights_skip_tracking":false,"_monsterinsights_sitenote_active":false,"_monsterinsights_sitenote_note":"","_monsterinsights_sitenote_category":0,"footnotes":""},"categories":[70,20,17,69,32],"tags":[140,129,1366,3710,511],"class_list":["post-24824","post","type-post","status-publish","format-standard","has-post-thumbnail","hentry","category-destaques","category-educacao","category-euclides-da-cunha","category-noticias2","category-regiao","tag-educacao","tag-euclides-da-cunha","tag-ifba","tag-matematica","tag-processo-seletivo"],"aioseo_notices":[],"_links":{"self":[{"href":"https:\/\/www.portalalerta.com.br\/index.php\/wp-json\/wp\/v2\/posts\/24824","targetHints":{"allow":["GET"]}}],"collection":[{"href":"https:\/\/www.portalalerta.com.br\/index.php\/wp-json\/wp\/v2\/posts"}],"about":[{"href":"https:\/\/www.portalalerta.com.br\/index.php\/wp-json\/wp\/v2\/types\/post"}],"author":[{"embeddable":true,"href":"https:\/\/www.portalalerta.com.br\/index.php\/wp-json\/wp\/v2\/users\/2"}],"replies":[{"embeddable":true,"href":"https:\/\/www.portalalerta.com.br\/index.php\/wp-json\/wp\/v2\/comments?post=24824"}],"version-history":[{"count":1,"href":"https:\/\/www.portalalerta.com.br\/index.php\/wp-json\/wp\/v2\/posts\/24824\/revisions"}],"predecessor-version":[{"id":24826,"href":"https:\/\/www.portalalerta.com.br\/index.php\/wp-json\/wp\/v2\/posts\/24824\/revisions\/24826"}],"wp:featuredmedia":[{"embeddable":true,"href":"https:\/\/www.portalalerta.com.br\/index.php\/wp-json\/wp\/v2\/media\/24825"}],"wp:attachment":[{"href":"https:\/\/www.portalalerta.com.br\/index.php\/wp-json\/wp\/v2\/media?parent=24824"}],"wp:term":[{"taxonomy":"category","embeddable":true,"href":"https:\/\/www.portalalerta.com.br\/index.php\/wp-json\/wp\/v2\/categories?post=24824"},{"taxonomy":"post_tag","embeddable":true,"href":"https:\/\/www.portalalerta.com.br\/index.php\/wp-json\/wp\/v2\/tags?post=24824"}],"curies":[{"name":"wp","href":"https:\/\/api.w.org\/{rel}","templated":true}]}}