{"id":24827,"date":"2020-05-31T17:30:32","date_gmt":"2020-05-31T20:30:32","guid":{"rendered":"https:\/\/www.portalalerta.com.br\/?p=24827"},"modified":"2020-09-01T20:33:03","modified_gmt":"2020-09-01T23:33:03","slug":"saiba-como-esta-a-evolucao-do-covid-19-em-antas-ba","status":"publish","type":"post","link":"https:\/\/www.portalalerta.com.br\/index.php\/2020\/05\/31\/saiba-como-esta-a-evolucao-do-covid-19-em-antas-ba\/","title":{"rendered":"Saiba como est\u00e1 a evolu\u00e7\u00e3o do Covid-19 em Antas-BA"},"content":{"rendered":"<p style=\"text-align: justify;\">O munic\u00edpio de Antas-BA, registrou o primeiro caso de Covid-19 (Coronav\u00edrus), no dia 19 de maio de 2020. Na \u00e9poca, uma paciente de apenas 19 anos, rec\u00e9m chegada de S\u00e3o Paulo obteve resultado positivo para a doen\u00e7a ap\u00f3s ser submetida a um teste r\u00e1pido.<!--more--><\/p>\n<p style=\"text-align: justify;\">A 15\u00aa semana foi considerada o pior per\u00edodo desde o in\u00edcio da pandemia, com 29 novos casos.<\/p>\n<h2 style=\"text-align: justify;\">Confira os gr\u00e1ficos:<\/h2>\n<figure id=\"attachment_29034\" aria-describedby=\"caption-attachment-29034\" style=\"width: 540px\" class=\"wp-caption aligncenter\"><img fetchpriority=\"high\" decoding=\"async\" class=\"wp-image-29034 size-full\" src=\"https:\/\/www.portalalerta.com.br\/wp-content\/uploads\/2020\/05\/gr\u00e1fico-covid19-em-Antas-2020.4.jpg\" alt=\"\" width=\"540\" height=\"430\" \/><figcaption id=\"caption-attachment-29034\" class=\"wp-caption-text\">Ao todo 163 pessoas foram infectadas em Antas-BA<\/figcaption><\/figure>\n<p>&nbsp;<\/p>\n<figure id=\"attachment_29035\" aria-describedby=\"caption-attachment-29035\" style=\"width: 540px\" class=\"wp-caption aligncenter\"><img decoding=\"async\" class=\"wp-image-29035 size-full\" src=\"https:\/\/www.portalalerta.com.br\/wp-content\/uploads\/2020\/05\/gr\u00e1fico-covid19-em-Antas-2020.5.jpg\" alt=\"\" width=\"540\" height=\"430\" \/><figcaption id=\"caption-attachment-29035\" class=\"wp-caption-text\">139 pacientes j\u00e1 foram curado, e 01 evoluiu a \u00f3bito<\/figcaption><\/figure>\n<h2 style=\"text-align: justify;\">\u00a0Quadro Epidemiol\u00f3gico de Antas-BA:<\/h2>\n<p style=\"text-align: justify;\"><strong>Infectados:<\/strong>\u00a0163<\/p>\n<p style=\"text-align: justify;\"><strong>Em tratamento:<\/strong>\u00a023<\/p>\n<p style=\"text-align: justify;\"><strong>Curados:<\/strong>\u00a0139<\/p>\n<p style=\"text-align: justify;\"><strong>\u00d3bitos:<\/strong> 01<\/p>\n<p style=\"text-align: justify;\"><em>Reda\u00e7\u00e3o: Portal Alerta<\/em><\/p>\n<p style=\"text-align: justify;\"><strong><em>#fiqueemcasa<\/em><\/strong><\/p>\n<p><em><strong>#usemascaras<\/strong><\/em><\/p>\n","protected":false},"excerpt":{"rendered":"<p>O munic\u00edpio de Antas-BA, registrou o primeiro caso de Covid-19 (Coronav\u00edrus), no dia 19 de maio de 2020. Na \u00e9poca, uma paciente de apenas 19 anos, rec\u00e9m chegada de S\u00e3o Paulo obteve resultado positivo para a doen\u00e7a ap\u00f3s ser submetida a um teste r\u00e1pido.<\/p>\n","protected":false},"author":2,"featured_media":24830,"comment_status":"open","ping_status":"open","sticky":false,"template":"","format":"standard","meta":{"om_disable_all_campaigns":false,"_monsterinsights_skip_tracking":false,"_monsterinsights_sitenote_active":false,"_monsterinsights_sitenote_note":"","_monsterinsights_sitenote_category":0,"footnotes":""},"categories":[5,69,32,19],"tags":[71,3429,3486,61],"class_list":["post-24827","post","type-post","status-publish","format-standard","has-post-thumbnail","hentry","category-antas","category-noticias2","category-regiao","category-saude","tag-antas","tag-coronavirus","tag-covid-19","tag-saude"],"aioseo_notices":[],"_links":{"self":[{"href":"https:\/\/www.portalalerta.com.br\/index.php\/wp-json\/wp\/v2\/posts\/24827","targetHints":{"allow":["GET"]}}],"collection":[{"href":"https:\/\/www.portalalerta.com.br\/index.php\/wp-json\/wp\/v2\/posts"}],"about":[{"href":"https:\/\/www.portalalerta.com.br\/index.php\/wp-json\/wp\/v2\/types\/post"}],"author":[{"embeddable":true,"href":"https:\/\/www.portalalerta.com.br\/index.php\/wp-json\/wp\/v2\/users\/2"}],"replies":[{"embeddable":true,"href":"https:\/\/www.portalalerta.com.br\/index.php\/wp-json\/wp\/v2\/comments?post=24827"}],"version-history":[{"count":33,"href":"https:\/\/www.portalalerta.com.br\/index.php\/wp-json\/wp\/v2\/posts\/24827\/revisions"}],"predecessor-version":[{"id":29071,"href":"https:\/\/www.portalalerta.com.br\/index.php\/wp-json\/wp\/v2\/posts\/24827\/revisions\/29071"}],"wp:featuredmedia":[{"embeddable":true,"href":"https:\/\/www.portalalerta.com.br\/index.php\/wp-json\/wp\/v2\/media\/24830"}],"wp:attachment":[{"href":"https:\/\/www.portalalerta.com.br\/index.php\/wp-json\/wp\/v2\/media?parent=24827"}],"wp:term":[{"taxonomy":"category","embeddable":true,"href":"https:\/\/www.portalalerta.com.br\/index.php\/wp-json\/wp\/v2\/categories?post=24827"},{"taxonomy":"post_tag","embeddable":true,"href":"https:\/\/www.portalalerta.com.br\/index.php\/wp-json\/wp\/v2\/tags?post=24827"}],"curies":[{"name":"wp","href":"https:\/\/api.w.org\/{rel}","templated":true}]}}