{"id":24835,"date":"2020-05-31T22:12:48","date_gmt":"2020-06-01T01:12:48","guid":{"rendered":"https:\/\/www.portalalerta.com.br\/?p=24835"},"modified":"2020-09-06T18:58:21","modified_gmt":"2020-09-06T21:58:21","slug":"saiba-como-esta-a-evolucao-do-covid-19-em-fatima-ba","status":"publish","type":"post","link":"https:\/\/www.portalalerta.com.br\/index.php\/2020\/05\/31\/saiba-como-esta-a-evolucao-do-covid-19-em-fatima-ba\/","title":{"rendered":"Saiba como est\u00e1 a evolu\u00e7\u00e3o do Covid-19 em F\u00e1tima-BA"},"content":{"rendered":"<p style=\"text-align: justify;\">O munic\u00edpio de F\u00e1tima-BA, registrou o primeiro caso de Covid-19 (Coronav\u00edrus), no dia 27 de maio de 2020. <a href=\"https:\/\/www.portalalerta.com.br\/index.php\/2020\/05\/28\/governo-do-estado-divulga-o-primeiro-caso-de-covid-19-em-fatima-ba-municipio-nega\/\"><strong>De acordo com o munic\u00edpio, a paciente \u00e9 uma servidora da sa\u00fade municipal, por\u00e9m \u00e9 moradora de Po\u00e7o Verde-SE, munic\u00edpio vizinho, e por isso n\u00e3o considera a infec\u00e7\u00e3o como da cidade<\/strong><\/a>.<!--more--><\/p>\n<p style=\"text-align: justify;\">A 14\u00aa semana foi considerada o pior per\u00edodo desde o in\u00edcio da pandemia, com 121 novos registros.<\/p>\n<h2 style=\"text-align: justify;\">Confira os gr\u00e1ficos:<\/h2>\n<figure id=\"attachment_29212\" aria-describedby=\"caption-attachment-29212\" style=\"width: 540px\" class=\"wp-caption aligncenter\"><img fetchpriority=\"high\" decoding=\"async\" class=\"wp-image-29212 size-full\" src=\"https:\/\/www.portalalerta.com.br\/wp-content\/uploads\/2020\/05\/gr\u00e1fico-covid19-em-F\u00e1tima-2020.14.jpg\" alt=\"\" width=\"540\" height=\"430\" srcset=\"https:\/\/www.portalalerta.com.br\/wp-content\/uploads\/2020\/05\/gr\u00e1fico-covid19-em-F\u00e1tima-2020.14.jpg 540w, https:\/\/www.portalalerta.com.br\/wp-content\/uploads\/2020\/05\/gr\u00e1fico-covid19-em-F\u00e1tima-2020.14-301x240.jpg 301w, https:\/\/www.portalalerta.com.br\/wp-content\/uploads\/2020\/05\/gr\u00e1fico-covid19-em-F\u00e1tima-2020.14-183x146.jpg 183w, https:\/\/www.portalalerta.com.br\/wp-content\/uploads\/2020\/05\/gr\u00e1fico-covid19-em-F\u00e1tima-2020.14-50x40.jpg 50w, https:\/\/www.portalalerta.com.br\/wp-content\/uploads\/2020\/05\/gr\u00e1fico-covid19-em-F\u00e1tima-2020.14-94x75.jpg 94w\" sizes=\"(max-width: 540px) 100vw, 540px\" \/><figcaption id=\"caption-attachment-29212\" class=\"wp-caption-text\">At\u00e9 o momento 407 casos foram registrados no munic\u00edpio<\/figcaption><\/figure>\n<p>&nbsp;<\/p>\n<figure id=\"attachment_29213\" aria-describedby=\"caption-attachment-29213\" style=\"width: 540px\" class=\"wp-caption aligncenter\"><img decoding=\"async\" class=\"wp-image-29213 size-full\" src=\"https:\/\/www.portalalerta.com.br\/wp-content\/uploads\/2020\/05\/gr\u00e1fico-covid19-em-F\u00e1tima-2020.15.jpg\" alt=\"\" width=\"540\" height=\"430\" srcset=\"https:\/\/www.portalalerta.com.br\/wp-content\/uploads\/2020\/05\/gr\u00e1fico-covid19-em-F\u00e1tima-2020.15.jpg 540w, https:\/\/www.portalalerta.com.br\/wp-content\/uploads\/2020\/05\/gr\u00e1fico-covid19-em-F\u00e1tima-2020.15-301x240.jpg 301w, https:\/\/www.portalalerta.com.br\/wp-content\/uploads\/2020\/05\/gr\u00e1fico-covid19-em-F\u00e1tima-2020.15-183x146.jpg 183w, https:\/\/www.portalalerta.com.br\/wp-content\/uploads\/2020\/05\/gr\u00e1fico-covid19-em-F\u00e1tima-2020.15-50x40.jpg 50w, https:\/\/www.portalalerta.com.br\/wp-content\/uploads\/2020\/05\/gr\u00e1fico-covid19-em-F\u00e1tima-2020.15-94x75.jpg 94w\" sizes=\"(max-width: 540px) 100vw, 540px\" \/><figcaption id=\"caption-attachment-29213\" class=\"wp-caption-text\">At\u00e9 o momento 324 pessoas foram curadas, e 03 evolu\u00edram a \u00f3bito<\/figcaption><\/figure>\n<h2 style=\"text-align: justify;\">\u00a0Quadro Epidemiol\u00f3gico de F\u00e1tima-BA:<\/h2>\n<p style=\"text-align: justify;\"><strong>Infectados:<\/strong>\u00a0407<\/p>\n<p style=\"text-align: justify;\"><strong>Em tratamento:<\/strong>\u00a080<\/p>\n<p style=\"text-align: justify;\"><strong>Curados:<\/strong>\u00a0324<\/p>\n<p style=\"text-align: justify;\"><strong>\u00d3bitos:<\/strong> 03<\/p>\n<p style=\"text-align: justify;\"><em>Reda\u00e7\u00e3o: Portal Alerta<\/em><\/p>\n<p style=\"text-align: justify;\"><strong><em>#fiqueemcasa<\/em><\/strong><\/p>\n<p><em><strong>#usemascaras<\/strong><\/em><\/p>\n","protected":false},"excerpt":{"rendered":"<p>O munic\u00edpio de F\u00e1tima-BA, registrou o primeiro caso de Covid-19 (Coronav\u00edrus), no dia 27 de maio de 2020. De acordo com o munic\u00edpio, a paciente \u00e9 uma servidora da sa\u00fade municipal, por\u00e9m \u00e9 moradora de Po\u00e7o Verde-SE, munic\u00edpio vizinho, e por isso n\u00e3o considera a infec\u00e7\u00e3o como da cidade.<\/p>\n","protected":false},"author":2,"featured_media":24518,"comment_status":"open","ping_status":"open","sticky":false,"template":"","format":"standard","meta":{"om_disable_all_campaigns":false,"_monsterinsights_skip_tracking":false,"_monsterinsights_sitenote_active":false,"_monsterinsights_sitenote_note":"","_monsterinsights_sitenote_category":0,"footnotes":""},"categories":[10,69,32,19],"tags":[3429,3486,107,61],"class_list":["post-24835","post","type-post","status-publish","format-standard","has-post-thumbnail","hentry","category-fatima","category-noticias2","category-regiao","category-saude","tag-coronavirus","tag-covid-19","tag-fatima","tag-saude"],"aioseo_notices":[],"_links":{"self":[{"href":"https:\/\/www.portalalerta.com.br\/index.php\/wp-json\/wp\/v2\/posts\/24835","targetHints":{"allow":["GET"]}}],"collection":[{"href":"https:\/\/www.portalalerta.com.br\/index.php\/wp-json\/wp\/v2\/posts"}],"about":[{"href":"https:\/\/www.portalalerta.com.br\/index.php\/wp-json\/wp\/v2\/types\/post"}],"author":[{"embeddable":true,"href":"https:\/\/www.portalalerta.com.br\/index.php\/wp-json\/wp\/v2\/users\/2"}],"replies":[{"embeddable":true,"href":"https:\/\/www.portalalerta.com.br\/index.php\/wp-json\/wp\/v2\/comments?post=24835"}],"version-history":[{"count":33,"href":"https:\/\/www.portalalerta.com.br\/index.php\/wp-json\/wp\/v2\/posts\/24835\/revisions"}],"predecessor-version":[{"id":29225,"href":"https:\/\/www.portalalerta.com.br\/index.php\/wp-json\/wp\/v2\/posts\/24835\/revisions\/29225"}],"wp:featuredmedia":[{"embeddable":true,"href":"https:\/\/www.portalalerta.com.br\/index.php\/wp-json\/wp\/v2\/media\/24518"}],"wp:attachment":[{"href":"https:\/\/www.portalalerta.com.br\/index.php\/wp-json\/wp\/v2\/media?parent=24835"}],"wp:term":[{"taxonomy":"category","embeddable":true,"href":"https:\/\/www.portalalerta.com.br\/index.php\/wp-json\/wp\/v2\/categories?post=24835"},{"taxonomy":"post_tag","embeddable":true,"href":"https:\/\/www.portalalerta.com.br\/index.php\/wp-json\/wp\/v2\/tags?post=24835"}],"curies":[{"name":"wp","href":"https:\/\/api.w.org\/{rel}","templated":true}]}}