{"id":24885,"date":"2020-06-02T09:14:05","date_gmt":"2020-06-02T12:14:05","guid":{"rendered":"https:\/\/www.portalalerta.com.br\/?p=24885"},"modified":"2020-06-02T09:14:05","modified_gmt":"2020-06-02T12:14:05","slug":"tucano-ba-divulga-o-sexto-caso-de-covid-19-e-a-morte-de-um-homem-com-suspeita-da-doenca","status":"publish","type":"post","link":"https:\/\/www.portalalerta.com.br\/index.php\/2020\/06\/02\/tucano-ba-divulga-o-sexto-caso-de-covid-19-e-a-morte-de-um-homem-com-suspeita-da-doenca\/","title":{"rendered":"Tucano-BA divulga o sexto caso de Covid-19, e a morte de um homem com suspeita da doen\u00e7a"},"content":{"rendered":"<p style=\"text-align: justify;\">A prefeitura de Tucano-BA voltou a divulgar mais um caso de Covid-19 (Coronavirus), em Tucano-BA.<!--more--><\/p>\n<p style=\"text-align: justify;\"><img fetchpriority=\"high\" decoding=\"async\" class=\"size-thumbnail wp-image-9394 alignleft\" src=\"https:\/\/www.portalalerta.com.br\/wp-content\/uploads\/2018\/07\/05elab-320x240.jpg\" alt=\"\" width=\"320\" height=\"240\" srcset=\"https:\/\/www.portalalerta.com.br\/wp-content\/uploads\/2018\/07\/05elab-320x240.jpg 320w, https:\/\/www.portalalerta.com.br\/wp-content\/uploads\/2018\/07\/05elab-195x146.jpg 195w, https:\/\/www.portalalerta.com.br\/wp-content\/uploads\/2018\/07\/05elab-50x38.jpg 50w, https:\/\/www.portalalerta.com.br\/wp-content\/uploads\/2018\/07\/05elab-100x75.jpg 100w, https:\/\/www.portalalerta.com.br\/wp-content\/uploads\/2018\/07\/05elab.jpg 400w\" sizes=\"(max-width: 320px) 100vw, 320px\" \/>De acordo com informa\u00e7\u00f5es, trata-se de uma mulher de 41 anos de idade, moradora do povoado Cajueiro, zona rural da cidade. Ainda segundo a prefeitura, a mesma j\u00e1 estava em isolamento domiciliar.<\/p>\n<p style=\"text-align: justify;\">Desta forma, sobe para seis o n\u00famero de infectados no munic\u00edpio.<\/p>\n<h2 style=\"text-align: justify;\">Morte<\/h2>\n<p style=\"text-align: justify;\">Tamb\u00e9m atrav\u00e9s de uma nota amplamente divulgada nas redes sociais, o munic\u00edpio confirmou a morte de um paciente de 48 anos de idade, com suspeita para Covid-19. De acordo com o documento, o paciente foi internado no Hospital Municipal Mariana Penedo h\u00e1 04 dias, se queixando de febre, associada \u00e0 tosse e desconforto respirat\u00f3rio intenso.<\/p>\n<p style=\"text-align: justify;\">Ainda segundo a nota, o paciente teve uma piora em seu quadro cl\u00ednico, sendo necess\u00e1rio fazer uso de respirador mec\u00e2nico, por\u00e9m n\u00e3o resistiu e evoluiu a \u00f3bito. Foi coletado o material necess\u00e1rio para a realiza\u00e7\u00e3o do exame, e enviado para o Laborat\u00f3rio Central do Estado (LACEN), que dever\u00e1 confirmar ou n\u00e3o a suspeita inicial. <strong>Confira a nota na \u00edntegra:\u00a0<\/strong><\/p>\n<p style=\"text-align: justify;\"><img decoding=\"async\" class=\"aligncenter wp-image-24911 size-full\" src=\"https:\/\/www.portalalerta.com.br\/wp-content\/uploads\/2020\/06\/Coronav\u00edrus-em-Tucano-2020.2.jpeg\" alt=\"\" width=\"720\" height=\"776\" srcset=\"https:\/\/www.portalalerta.com.br\/wp-content\/uploads\/2020\/06\/Coronav\u00edrus-em-Tucano-2020.2.jpeg 720w, https:\/\/www.portalalerta.com.br\/wp-content\/uploads\/2020\/06\/Coronav\u00edrus-em-Tucano-2020.2-223x240.jpeg 223w, https:\/\/www.portalalerta.com.br\/wp-content\/uploads\/2020\/06\/Coronav\u00edrus-em-Tucano-2020.2-135x146.jpeg 135w, https:\/\/www.portalalerta.com.br\/wp-content\/uploads\/2020\/06\/Coronav\u00edrus-em-Tucano-2020.2-46x50.jpeg 46w, https:\/\/www.portalalerta.com.br\/wp-content\/uploads\/2020\/06\/Coronav\u00edrus-em-Tucano-2020.2-70x75.jpeg 70w\" sizes=\"(max-width: 720px) 100vw, 720px\" \/><\/p>\n<p style=\"text-align: justify;\"><a href=\"https:\/\/www.portalalerta.com.br\/index.php\/2020\/05\/27\/saiba-como-esta-a-evolucao-do-covid-19-em-tucano-ba\/\"><strong>Clique aqui e saiba como est\u00e1 a evolu\u00e7\u00e3o do Covid-19 em Tucano-BA<\/strong><\/a><\/p>\n<p style=\"text-align: justify;\"><em>Reda\u00e7\u00e3o: Portal Alerta<\/em><\/p>\n<p style=\"text-align: justify;\"><strong><em>#fiqueemcasa<\/em><\/strong><\/p>\n","protected":false},"excerpt":{"rendered":"<p>A prefeitura de Tucano-BA voltou a divulgar mais um caso de Covid-19 (Coronavirus), em Tucano-BA.<\/p>\n","protected":false},"author":2,"featured_media":22081,"comment_status":"open","ping_status":"open","sticky":false,"template":"","format":"standard","meta":{"om_disable_all_campaigns":false,"_monsterinsights_skip_tracking":false,"_monsterinsights_sitenote_active":false,"_monsterinsights_sitenote_note":"","_monsterinsights_sitenote_category":0,"footnotes":""},"categories":[70,69,32,19,12],"tags":[3429,3486,61,190],"class_list":["post-24885","post","type-post","status-publish","format-standard","has-post-thumbnail","hentry","category-destaques","category-noticias2","category-regiao","category-saude","category-tucano","tag-coronavirus","tag-covid-19","tag-saude","tag-tucano"],"aioseo_notices":[],"_links":{"self":[{"href":"https:\/\/www.portalalerta.com.br\/index.php\/wp-json\/wp\/v2\/posts\/24885","targetHints":{"allow":["GET"]}}],"collection":[{"href":"https:\/\/www.portalalerta.com.br\/index.php\/wp-json\/wp\/v2\/posts"}],"about":[{"href":"https:\/\/www.portalalerta.com.br\/index.php\/wp-json\/wp\/v2\/types\/post"}],"author":[{"embeddable":true,"href":"https:\/\/www.portalalerta.com.br\/index.php\/wp-json\/wp\/v2\/users\/2"}],"replies":[{"embeddable":true,"href":"https:\/\/www.portalalerta.com.br\/index.php\/wp-json\/wp\/v2\/comments?post=24885"}],"version-history":[{"count":2,"href":"https:\/\/www.portalalerta.com.br\/index.php\/wp-json\/wp\/v2\/posts\/24885\/revisions"}],"predecessor-version":[{"id":24912,"href":"https:\/\/www.portalalerta.com.br\/index.php\/wp-json\/wp\/v2\/posts\/24885\/revisions\/24912"}],"wp:featuredmedia":[{"embeddable":true,"href":"https:\/\/www.portalalerta.com.br\/index.php\/wp-json\/wp\/v2\/media\/22081"}],"wp:attachment":[{"href":"https:\/\/www.portalalerta.com.br\/index.php\/wp-json\/wp\/v2\/media?parent=24885"}],"wp:term":[{"taxonomy":"category","embeddable":true,"href":"https:\/\/www.portalalerta.com.br\/index.php\/wp-json\/wp\/v2\/categories?post=24885"},{"taxonomy":"post_tag","embeddable":true,"href":"https:\/\/www.portalalerta.com.br\/index.php\/wp-json\/wp\/v2\/tags?post=24885"}],"curies":[{"name":"wp","href":"https:\/\/api.w.org\/{rel}","templated":true}]}}