{"id":24890,"date":"2020-06-02T09:23:52","date_gmt":"2020-06-02T12:23:52","guid":{"rendered":"https:\/\/www.portalalerta.com.br\/?p=24890"},"modified":"2020-06-02T09:23:52","modified_gmt":"2020-06-02T12:23:52","slug":"adolescente-morre-apos-ser-alvejado-por-disparo-acidental-de-arma-de-fogo-em-ribeira-do-pombal-ba","status":"publish","type":"post","link":"https:\/\/www.portalalerta.com.br\/index.php\/2020\/06\/02\/adolescente-morre-apos-ser-alvejado-por-disparo-acidental-de-arma-de-fogo-em-ribeira-do-pombal-ba\/","title":{"rendered":"Adolescente morre ap\u00f3s ser alvejado por disparo acidental de arma de fogo, em Ribeira do Pombal-BA"},"content":{"rendered":"<p style=\"text-align: justify;\">Jhonatas Jesus dos Santos, de apenas 13 anos de idade, morreu no Hospital Geral Santa Tereza, em Ribeira do Pombal-BA, ap\u00f3s ter sido alvejado na cabe\u00e7a, por um disparo de arma de fogo.<!--more--><\/p>\n<p style=\"text-align: justify;\">O fato ocorreu na manh\u00e3 do \u00faltimo domingo, 31, na Fazenda Pedrinhas, zona rural da cidade, quando o adolescente teria efetuado um disparo de arma de fogo (espingarda soca soca).<\/p>\n<p style=\"text-align: justify;\"><img fetchpriority=\"high\" decoding=\"async\" class=\"size-thumbnail wp-image-23589 aligncenter\" src=\"https:\/\/www.portalalerta.com.br\/wp-content\/uploads\/2020\/04\/real-acordo-720x93.jpg\" alt=\"\" width=\"720\" height=\"93\" \/>O garoto chegou a ser socorrido para a Unidade Hospitalar, onde foi submetido ao procedimento de reanima\u00e7\u00e3o, por\u00e9m sem \u00eaxito, tendo o seu \u00f3bito confirmado.<\/p>\n<p style=\"text-align: justify;\">O caso foi informado \u00e0s for\u00e7as policiais da cidade, por\u00e9m as medidas a serem adotadas, n\u00e3o foram divulgadas.<\/p>\n<p style=\"text-align: justify;\"><em>Reda\u00e7\u00e3o: Portal Alerta<\/em><\/p>\n<p style=\"text-align: justify;\"><strong><em>#fiqueemcasa<\/em><\/strong><\/p>\n","protected":false},"excerpt":{"rendered":"<p>Jhonatas Jesus dos Santos, de apenas 13 anos de idade, morreu no Hospital Geral Santa Tereza, em Ribeira do Pombal-BA, ap\u00f3s ter sido alvejado na cabe\u00e7a, por um disparo de arma de fogo.<\/p>\n","protected":false},"author":2,"featured_media":4707,"comment_status":"open","ping_status":"open","sticky":false,"template":"","format":"standard","meta":{"om_disable_all_campaigns":false,"_monsterinsights_skip_tracking":false,"_monsterinsights_sitenote_active":false,"_monsterinsights_sitenote_note":"","_monsterinsights_sitenote_category":0,"footnotes":""},"categories":[70,69,32,3,22],"tags":[166,128,151,169,47],"class_list":["post-24890","post","type-post","status-publish","format-standard","has-post-thumbnail","hentry","category-destaques","category-noticias2","category-regiao","category-ribeira-do-pombal","category-seguranca","tag-acidente","tag-disparo-de-arma-de-fogo","tag-hgst","tag-morte","tag-ribeira-do-pombal"],"aioseo_notices":[],"_links":{"self":[{"href":"https:\/\/www.portalalerta.com.br\/index.php\/wp-json\/wp\/v2\/posts\/24890","targetHints":{"allow":["GET"]}}],"collection":[{"href":"https:\/\/www.portalalerta.com.br\/index.php\/wp-json\/wp\/v2\/posts"}],"about":[{"href":"https:\/\/www.portalalerta.com.br\/index.php\/wp-json\/wp\/v2\/types\/post"}],"author":[{"embeddable":true,"href":"https:\/\/www.portalalerta.com.br\/index.php\/wp-json\/wp\/v2\/users\/2"}],"replies":[{"embeddable":true,"href":"https:\/\/www.portalalerta.com.br\/index.php\/wp-json\/wp\/v2\/comments?post=24890"}],"version-history":[{"count":1,"href":"https:\/\/www.portalalerta.com.br\/index.php\/wp-json\/wp\/v2\/posts\/24890\/revisions"}],"predecessor-version":[{"id":24891,"href":"https:\/\/www.portalalerta.com.br\/index.php\/wp-json\/wp\/v2\/posts\/24890\/revisions\/24891"}],"wp:featuredmedia":[{"embeddable":true,"href":"https:\/\/www.portalalerta.com.br\/index.php\/wp-json\/wp\/v2\/media\/4707"}],"wp:attachment":[{"href":"https:\/\/www.portalalerta.com.br\/index.php\/wp-json\/wp\/v2\/media?parent=24890"}],"wp:term":[{"taxonomy":"category","embeddable":true,"href":"https:\/\/www.portalalerta.com.br\/index.php\/wp-json\/wp\/v2\/categories?post=24890"},{"taxonomy":"post_tag","embeddable":true,"href":"https:\/\/www.portalalerta.com.br\/index.php\/wp-json\/wp\/v2\/tags?post=24890"}],"curies":[{"name":"wp","href":"https:\/\/api.w.org\/{rel}","templated":true}]}}