{"id":24892,"date":"2020-06-02T12:09:25","date_gmt":"2020-06-02T15:09:25","guid":{"rendered":"https:\/\/www.portalalerta.com.br\/?p=24892"},"modified":"2020-06-02T12:09:25","modified_gmt":"2020-06-02T15:09:25","slug":"tre-ba-promove-reuniao-com-juizes-para-debater-eleicoes-municipais-durante-pandemia","status":"publish","type":"post","link":"https:\/\/www.portalalerta.com.br\/index.php\/2020\/06\/02\/tre-ba-promove-reuniao-com-juizes-para-debater-eleicoes-municipais-durante-pandemia\/","title":{"rendered":"TRE-BA promove reuni\u00e3o com ju\u00edzes para debater elei\u00e7\u00f5es municipais durante pandemia"},"content":{"rendered":"<p style=\"text-align: justify;\">O Tribunal Regional Eleitoral da Bahia (TRE-BA) reunir\u00e1 nesta ter\u00e7a-feira (2), ju\u00edzes das zonas eleitorais para debater a realiza\u00e7\u00e3o do pleito municipal no contexto da pandemia de\u00a0coronav\u00edrus.<!--more--><\/p>\n<p style=\"text-align: justify;\"><img fetchpriority=\"high\" decoding=\"async\" class=\"size-full wp-image-2902 alignleft\" src=\"https:\/\/www.portalalerta.com.br\/wp-content\/uploads\/2017\/11\/elab-2.jpg\" alt=\"\" width=\"310\" height=\"200\" srcset=\"https:\/\/www.portalalerta.com.br\/wp-content\/uploads\/2017\/11\/elab-2.jpg 310w, https:\/\/www.portalalerta.com.br\/wp-content\/uploads\/2017\/11\/elab-2-226x146.jpg 226w, https:\/\/www.portalalerta.com.br\/wp-content\/uploads\/2017\/11\/elab-2-50x32.jpg 50w, https:\/\/www.portalalerta.com.br\/wp-content\/uploads\/2017\/11\/elab-2-116x75.jpg 116w\" sizes=\"(max-width: 310px) 100vw, 310px\" \/>O encontro, ocorrer\u00e1 de forma virtual e ser\u00e1 conduzido pelo presidente do \u00d3rg\u00e3o, desembargador\u00a0Jatahy\u00a0J\u00fanior. O vice-presidente e corregedor do Eleitoral baiano, desembargador Roberto Frank, tamb\u00e9m participar\u00e1.<\/p>\n<p style=\"text-align: justify;\">O objetivo da reuni\u00e3o \u00e9 buscar o di\u00e1logo quanto ao andamento do processo eleitoral nos ju\u00edzos zonais, considerando a realidade pand\u00eamica provocada pela Covid-19.<\/p>\n<p style=\"text-align: justify;\">A ocasi\u00e3o ser\u00e1 uma oportunidade de reafirmar as medidas que o Tribunal j\u00e1 vem adotando para contornar a crise e tamb\u00e9m ouvir as diferentes dificuldades enfrentadas pelos ju\u00edzes de modo a buscar pela melhor forma de super\u00e1-las. As informa\u00e7\u00f5es obtidas na reuni\u00e3o ser\u00e3o repassadas ao Tribunal Superior Eleitoral (TSE).<\/p>\n<p style=\"text-align: justify;\"><em>Fonte: A Voz do Campo<\/em><\/p>\n","protected":false},"excerpt":{"rendered":"<p>O Tribunal Regional Eleitoral da Bahia (TRE-BA) reunir\u00e1 nesta ter\u00e7a-feira (2), ju\u00edzes das zonas eleitorais para debater a realiza\u00e7\u00e3o do pleito municipal no contexto da pandemia de\u00a0coronav\u00edrus.<\/p>\n","protected":false},"author":2,"featured_media":21416,"comment_status":"open","ping_status":"open","sticky":false,"template":"","format":"standard","meta":{"om_disable_all_campaigns":false,"_monsterinsights_skip_tracking":false,"_monsterinsights_sitenote_active":false,"_monsterinsights_sitenote_note":"","_monsterinsights_sitenote_category":0,"footnotes":""},"categories":[33,70,69,21],"tags":[54,3215,3236,380],"class_list":["post-24892","post","type-post","status-publish","format-standard","has-post-thumbnail","hentry","category-bahia","category-destaques","category-noticias2","category-politica","tag-bahia","tag-eleicoes-2020","tag-juizes","tag-tre"],"aioseo_notices":[],"_links":{"self":[{"href":"https:\/\/www.portalalerta.com.br\/index.php\/wp-json\/wp\/v2\/posts\/24892","targetHints":{"allow":["GET"]}}],"collection":[{"href":"https:\/\/www.portalalerta.com.br\/index.php\/wp-json\/wp\/v2\/posts"}],"about":[{"href":"https:\/\/www.portalalerta.com.br\/index.php\/wp-json\/wp\/v2\/types\/post"}],"author":[{"embeddable":true,"href":"https:\/\/www.portalalerta.com.br\/index.php\/wp-json\/wp\/v2\/users\/2"}],"replies":[{"embeddable":true,"href":"https:\/\/www.portalalerta.com.br\/index.php\/wp-json\/wp\/v2\/comments?post=24892"}],"version-history":[{"count":2,"href":"https:\/\/www.portalalerta.com.br\/index.php\/wp-json\/wp\/v2\/posts\/24892\/revisions"}],"predecessor-version":[{"id":24913,"href":"https:\/\/www.portalalerta.com.br\/index.php\/wp-json\/wp\/v2\/posts\/24892\/revisions\/24913"}],"wp:featuredmedia":[{"embeddable":true,"href":"https:\/\/www.portalalerta.com.br\/index.php\/wp-json\/wp\/v2\/media\/21416"}],"wp:attachment":[{"href":"https:\/\/www.portalalerta.com.br\/index.php\/wp-json\/wp\/v2\/media?parent=24892"}],"wp:term":[{"taxonomy":"category","embeddable":true,"href":"https:\/\/www.portalalerta.com.br\/index.php\/wp-json\/wp\/v2\/categories?post=24892"},{"taxonomy":"post_tag","embeddable":true,"href":"https:\/\/www.portalalerta.com.br\/index.php\/wp-json\/wp\/v2\/tags?post=24892"}],"curies":[{"name":"wp","href":"https:\/\/api.w.org\/{rel}","templated":true}]}}