{"id":24899,"date":"2020-06-02T12:28:52","date_gmt":"2020-06-02T15:28:52","guid":{"rendered":"https:\/\/www.portalalerta.com.br\/?p=24899"},"modified":"2020-06-02T12:28:52","modified_gmt":"2020-06-02T15:28:52","slug":"idosa-de-80-anos-e-o-10-caso-de-coronavirus-em-araci-ba-ela-foi-transferida-para-salvador","status":"publish","type":"post","link":"https:\/\/www.portalalerta.com.br\/index.php\/2020\/06\/02\/idosa-de-80-anos-e-o-10-caso-de-coronavirus-em-araci-ba-ela-foi-transferida-para-salvador\/","title":{"rendered":"Idosa de 80 anos \u00e9 o 10\u00b0 caso de Coronav\u00edrus em Araci-BA; ela foi transferida para Salvador"},"content":{"rendered":"<p style=\"text-align: justify;\">No \u00faltimo domingo \u00e0 noite (31), uma idosa de 80 anos, moradora do Centro de Araci-BA, foi transferida para o Hospital do Sub\u00farbio de Salvador. Ela \u00e9 o d\u00e9cimo caso positivo de contamina\u00e7\u00e3o pelo Covid-19 no munic\u00edpio. O estado de sa\u00fade dela inspira cuidados<!--more--><\/p>\n<p style=\"text-align: justify;\"><img fetchpriority=\"high\" decoding=\"async\" class=\"size-thumbnail wp-image-4869 aligncenter\" src=\"https:\/\/www.portalalerta.com.br\/wp-content\/uploads\/2018\/02\/Auto-Escola-Nobre-720x181.jpg\" alt=\"\" width=\"720\" height=\"181\" srcset=\"https:\/\/www.portalalerta.com.br\/wp-content\/uploads\/2018\/02\/Auto-Escola-Nobre.jpg 720w, https:\/\/www.portalalerta.com.br\/wp-content\/uploads\/2018\/02\/Auto-Escola-Nobre-260x65.jpg 260w, https:\/\/www.portalalerta.com.br\/wp-content\/uploads\/2018\/02\/Auto-Escola-Nobre-50x13.jpg 50w, https:\/\/www.portalalerta.com.br\/wp-content\/uploads\/2018\/02\/Auto-Escola-Nobre-150x38.jpg 150w\" sizes=\"(max-width: 720px) 100vw, 720px\" \/>Nesta segunda-feira, 1\u00ba,foram enviadas mais 06 notifica\u00e7\u00f5es de casos suspeitos de contamina\u00e7\u00e3o pelo Covid-19 em Araci para an\u00e1lise do Lacen. Segundo a Prefeitura Municipal, estas notifica\u00e7\u00f5es s\u00e3o de pessoas que estavam em contato com a paciente que foi confirmada ainda no domingo como nono caso positivo, ap\u00f3s um teste r\u00e1pido feito no PSF do bairro S\u00e3o Jo\u00e3o. \u201cUma outra not\u00edcia importante \u00e9 que um dos casos positivos que estavam em acompanhamento das equipes da vigil\u00e2ncia epidemiol\u00f3gica do munic\u00edpio, tamb\u00e9m \u00e9 considerado curado, ap\u00f3s exames cl\u00ednicos. Trata-se do filho de Dona Tom\u00e1zia, que j\u00e1 estava curada. Ele estava em isolamento domiciliar at\u00e9 a confirma\u00e7\u00e3o, atrav\u00e9s de exames cl\u00ednicos, que atestaram sua cura. At\u00e9 o momento, o munic\u00edpio de Araci contabiliza 10 casos positivos para contamina\u00e7\u00e3o pelo Covid-19, sendo dois deles considerados curados, e um \u00f3bito. Os outros 07 est\u00e3o em isolamento domiciliar, sendo acompanhados por equipes da vigil\u00e2ncia epidemiol\u00f3gica da secretaria de Sa\u00fade do munic\u00edpio. At\u00e9 o momento, j\u00e1 foram enviadas 72 notifica\u00e7\u00f5es, e 49 foram descartadas. 13 exames ainda aguardam resposta do Lacen. Pelo quinto dia seguido, temos confirma\u00e7\u00f5es de casos positivos para contamina\u00e7\u00e3o pelo Covid-19. Estes n\u00fameros tendem a aumentar, com o decorrer dos dias, pois, de acordo com uma afirma\u00e7\u00e3o feita pelo Secret\u00e1rio de Sa\u00fade do Estado, F\u00e1bio Vilas-Boas, durante uma coletiva de imprensa ocorrida no m\u00eas de mar\u00e7o, o pico de confirma\u00e7\u00e3o de pessoas contaminadas aconteceria no m\u00eas de maio. \u00c9 extremamente necess\u00e1rio que todos tenham consci\u00eancia sobre os cuidados contra a contamina\u00e7\u00e3o: higienizem sempre as m\u00e3os com \u00e1gua e sab\u00e3o; evitem aglomera\u00e7\u00f5es desnecess\u00e1rias, e usem constantemente as m\u00e1scaras de prote\u00e7\u00e3o, caso necessitem sair de casa. Mas saiam apenas se for necess\u00e1rio e urgente. Caso n\u00e3o precisem, pedimos que permane\u00e7am em casa\u201d, diz nota da Prefeitura.<\/p>\n<p style=\"text-align: justify;\"><a href=\"https:\/\/www.portalalerta.com.br\/index.php\/2020\/05\/26\/saiba-como-esta-a-evolucao-do-covid-19-em-araci-ba\/\"><strong>Clique aqui e saiba como est\u00e1 a evolu\u00e7\u00e3o do Covid-19 em Araci-BA<\/strong><\/a><\/p>\n<p style=\"text-align: justify;\"><em>Fonte: A Voz do Campo<\/em><\/p>\n","protected":false},"excerpt":{"rendered":"<p>No \u00faltimo domingo \u00e0 noite (31), uma idosa de 80 anos, moradora do Centro de Araci-BA, foi transferida para o Hospital do Sub\u00farbio de Salvador. Ela \u00e9 o d\u00e9cimo caso positivo de contamina\u00e7\u00e3o pelo Covid-19 no munic\u00edpio. O estado de sa\u00fade dela inspira cuidados<\/p>\n","protected":false},"author":2,"featured_media":21912,"comment_status":"open","ping_status":"open","sticky":false,"template":"","format":"standard","meta":{"om_disable_all_campaigns":false,"_monsterinsights_skip_tracking":false,"_monsterinsights_sitenote_active":false,"_monsterinsights_sitenote_note":"","_monsterinsights_sitenote_category":0,"footnotes":""},"categories":[41,70,69,32,19],"tags":[48,3429,3486,61],"class_list":["post-24899","post","type-post","status-publish","format-standard","has-post-thumbnail","hentry","category-araci","category-destaques","category-noticias2","category-regiao","category-saude","tag-araci","tag-coronavirus","tag-covid-19","tag-saude"],"aioseo_notices":[],"_links":{"self":[{"href":"https:\/\/www.portalalerta.com.br\/index.php\/wp-json\/wp\/v2\/posts\/24899","targetHints":{"allow":["GET"]}}],"collection":[{"href":"https:\/\/www.portalalerta.com.br\/index.php\/wp-json\/wp\/v2\/posts"}],"about":[{"href":"https:\/\/www.portalalerta.com.br\/index.php\/wp-json\/wp\/v2\/types\/post"}],"author":[{"embeddable":true,"href":"https:\/\/www.portalalerta.com.br\/index.php\/wp-json\/wp\/v2\/users\/2"}],"replies":[{"embeddable":true,"href":"https:\/\/www.portalalerta.com.br\/index.php\/wp-json\/wp\/v2\/comments?post=24899"}],"version-history":[{"count":1,"href":"https:\/\/www.portalalerta.com.br\/index.php\/wp-json\/wp\/v2\/posts\/24899\/revisions"}],"predecessor-version":[{"id":24900,"href":"https:\/\/www.portalalerta.com.br\/index.php\/wp-json\/wp\/v2\/posts\/24899\/revisions\/24900"}],"wp:featuredmedia":[{"embeddable":true,"href":"https:\/\/www.portalalerta.com.br\/index.php\/wp-json\/wp\/v2\/media\/21912"}],"wp:attachment":[{"href":"https:\/\/www.portalalerta.com.br\/index.php\/wp-json\/wp\/v2\/media?parent=24899"}],"wp:term":[{"taxonomy":"category","embeddable":true,"href":"https:\/\/www.portalalerta.com.br\/index.php\/wp-json\/wp\/v2\/categories?post=24899"},{"taxonomy":"post_tag","embeddable":true,"href":"https:\/\/www.portalalerta.com.br\/index.php\/wp-json\/wp\/v2\/tags?post=24899"}],"curies":[{"name":"wp","href":"https:\/\/api.w.org\/{rel}","templated":true}]}}