{"id":24909,"date":"2020-06-02T13:03:57","date_gmt":"2020-06-02T16:03:57","guid":{"rendered":"https:\/\/www.portalalerta.com.br\/?p=24909"},"modified":"2020-06-02T13:03:57","modified_gmt":"2020-06-02T16:03:57","slug":"itapicuru-ba-registra-mais-um-caso-confirmado-do-novo-coronavirus-municipio-chega-a-29-casos","status":"publish","type":"post","link":"https:\/\/www.portalalerta.com.br\/index.php\/2020\/06\/02\/itapicuru-ba-registra-mais-um-caso-confirmado-do-novo-coronavirus-municipio-chega-a-29-casos\/","title":{"rendered":"Itapicuru-BA registra mais um caso confirmado do novo coronav\u00edrus; munic\u00edpio chega a 29 casos"},"content":{"rendered":"<p style=\"text-align: justify;\">A Secretaria Municipal de Sa\u00fade de Itapicuru confirmou na noite desta segunda-feira, 1\u00ba, mais um caso de Covid-19 na cidade. O total de infectados no munic\u00edpio chega a 29.<!--more--><\/p>\n<p style=\"text-align: justify;\"><img fetchpriority=\"high\" decoding=\"async\" class=\"size-thumbnail wp-image-9394 alignleft\" src=\"https:\/\/www.portalalerta.com.br\/wp-content\/uploads\/2018\/07\/05elab-320x240.jpg\" alt=\"\" width=\"320\" height=\"240\" srcset=\"https:\/\/www.portalalerta.com.br\/wp-content\/uploads\/2018\/07\/05elab-320x240.jpg 320w, https:\/\/www.portalalerta.com.br\/wp-content\/uploads\/2018\/07\/05elab-195x146.jpg 195w, https:\/\/www.portalalerta.com.br\/wp-content\/uploads\/2018\/07\/05elab-50x38.jpg 50w, https:\/\/www.portalalerta.com.br\/wp-content\/uploads\/2018\/07\/05elab-100x75.jpg 100w, https:\/\/www.portalalerta.com.br\/wp-content\/uploads\/2018\/07\/05elab.jpg 400w\" sizes=\"(max-width: 320px) 100vw, 320px\" \/>De acordo com informa\u00e7\u00f5es, o paciente infectado \u00e9 da sede do munic\u00edpio.<\/p>\n<p style=\"text-align: justify;\">O\u00a0 Boletim Epidemiol\u00f3gico ainda informa 12 curados, 01 \u00f3bito, 10 suspeitos, 265 monitorados, 994 investigados e 246 descartados.<\/p>\n<p style=\"text-align: justify;\"><a href=\"https:\/\/www.portalalerta.com.br\/index.php\/2020\/05\/25\/saiba-como-esta-a-evolucao-do-covid-19-em-itapicuru-ba\/\"><strong>Clique aqui e saiba como est\u00e1 a evolu\u00e7\u00e3o do Covid-19 em Itapicuru-BA<\/strong><\/a><\/p>\n<p style=\"text-align: justify;\"><em>Fonte: Itapicuru Not\u00edcias<\/em><\/p>\n","protected":false},"excerpt":{"rendered":"<p>A Secretaria Municipal de Sa\u00fade de Itapicuru confirmou na noite desta segunda-feira, 1\u00ba, mais um caso de Covid-19 na cidade. O total de infectados no munic\u00edpio chega a 29.<\/p>\n","protected":false},"author":2,"featured_media":22281,"comment_status":"open","ping_status":"open","sticky":false,"template":"","format":"standard","meta":{"om_disable_all_campaigns":false,"_monsterinsights_skip_tracking":false,"_monsterinsights_sitenote_active":false,"_monsterinsights_sitenote_note":"","_monsterinsights_sitenote_category":0,"footnotes":""},"categories":[70,18,69,32,19],"tags":[3429,3486,132,61],"class_list":["post-24909","post","type-post","status-publish","format-standard","has-post-thumbnail","hentry","category-destaques","category-itapicuru","category-noticias2","category-regiao","category-saude","tag-coronavirus","tag-covid-19","tag-itapicuru","tag-saude"],"aioseo_notices":[],"_links":{"self":[{"href":"https:\/\/www.portalalerta.com.br\/index.php\/wp-json\/wp\/v2\/posts\/24909","targetHints":{"allow":["GET"]}}],"collection":[{"href":"https:\/\/www.portalalerta.com.br\/index.php\/wp-json\/wp\/v2\/posts"}],"about":[{"href":"https:\/\/www.portalalerta.com.br\/index.php\/wp-json\/wp\/v2\/types\/post"}],"author":[{"embeddable":true,"href":"https:\/\/www.portalalerta.com.br\/index.php\/wp-json\/wp\/v2\/users\/2"}],"replies":[{"embeddable":true,"href":"https:\/\/www.portalalerta.com.br\/index.php\/wp-json\/wp\/v2\/comments?post=24909"}],"version-history":[{"count":2,"href":"https:\/\/www.portalalerta.com.br\/index.php\/wp-json\/wp\/v2\/posts\/24909\/revisions"}],"predecessor-version":[{"id":24918,"href":"https:\/\/www.portalalerta.com.br\/index.php\/wp-json\/wp\/v2\/posts\/24909\/revisions\/24918"}],"wp:featuredmedia":[{"embeddable":true,"href":"https:\/\/www.portalalerta.com.br\/index.php\/wp-json\/wp\/v2\/media\/22281"}],"wp:attachment":[{"href":"https:\/\/www.portalalerta.com.br\/index.php\/wp-json\/wp\/v2\/media?parent=24909"}],"wp:term":[{"taxonomy":"category","embeddable":true,"href":"https:\/\/www.portalalerta.com.br\/index.php\/wp-json\/wp\/v2\/categories?post=24909"},{"taxonomy":"post_tag","embeddable":true,"href":"https:\/\/www.portalalerta.com.br\/index.php\/wp-json\/wp\/v2\/tags?post=24909"}],"curies":[{"name":"wp","href":"https:\/\/api.w.org\/{rel}","templated":true}]}}