{"id":24925,"date":"2020-06-02T18:37:02","date_gmt":"2020-06-02T21:37:02","guid":{"rendered":"https:\/\/www.portalalerta.com.br\/?p=24925"},"modified":"2020-06-02T18:37:02","modified_gmt":"2020-06-02T21:37:02","slug":"governo-da-bahia-prorroga-suspensao-das-aulas-e-eventos-na-bahia","status":"publish","type":"post","link":"https:\/\/www.portalalerta.com.br\/index.php\/2020\/06\/02\/governo-da-bahia-prorroga-suspensao-das-aulas-e-eventos-na-bahia\/","title":{"rendered":"Governo da Bahia prorroga suspens\u00e3o das aulas e eventos na Bahia"},"content":{"rendered":"<p style=\"text-align: justify;\">O governador da Bahia, Rui Costa, ampliou a suspens\u00e3o das aulas na rede estadual e a realiza\u00e7\u00e3o de eventos com mais de 50 pessoas em todo o territ\u00f3rio baiano para atender o dia 21 de junho.<!--more--><\/p>\n<p style=\"text-align: justify;\">O decreto venceria ter\u00e7a (2), entretanto, nesta data, ser\u00e1 publicada, no Di\u00e1rio Oficial do Estado, a prorroga\u00e7\u00e3o das medidas por mais 19 dias e que t\u00eam por finalidade conter o avan\u00e7o do novo coronav\u00edrus na Bahia.<\/p>\n<p style=\"text-align: justify;\"><img fetchpriority=\"high\" decoding=\"async\" class=\"size-thumbnail wp-image-9394 alignleft\" src=\"https:\/\/www.portalalerta.com.br\/wp-content\/uploads\/2018\/07\/05elab-320x240.jpg\" alt=\"\" width=\"320\" height=\"240\" srcset=\"https:\/\/www.portalalerta.com.br\/wp-content\/uploads\/2018\/07\/05elab-320x240.jpg 320w, https:\/\/www.portalalerta.com.br\/wp-content\/uploads\/2018\/07\/05elab-195x146.jpg 195w, https:\/\/www.portalalerta.com.br\/wp-content\/uploads\/2018\/07\/05elab-50x38.jpg 50w, https:\/\/www.portalalerta.com.br\/wp-content\/uploads\/2018\/07\/05elab-100x75.jpg 100w, https:\/\/www.portalalerta.com.br\/wp-content\/uploads\/2018\/07\/05elab.jpg 400w\" sizes=\"(max-width: 320px) 100vw, 320px\" \/>O decreto tamb\u00e9m mant\u00e9m suspenso o transporte coletivo intermunicipal em 247 cidades baianas que registraram casos da Covid-19 recentemente.<\/p>\n<p style=\"text-align: justify;\">O governador Rui Costa lembrou que os dados da doen\u00e7a s\u00e3o analisados diariamente. \u201cEssas medidas de prote\u00e7\u00e3o s\u00e3o necess\u00e1rias para que possamos diminuir a taxa de crescimento. Por exemplo, antes da antecipa\u00e7\u00e3o dos feriados a m\u00e9dia de crescimento di\u00e1rio do n\u00famero de novos casos e da necessidade de novos leitos era superior a 5% e agora conseguimos baixar para 4.6% no n\u00famero de casos e 2% para novos leitos. A nossa expectativa \u00e9 controlar esse avan\u00e7o da doen\u00e7a para que possamos, em breve, voltar \u00e0 normalidade\u201d, afirmou.<\/p>\n<p style=\"text-align: justify;\">O conjunto de suspens\u00f5es previstas no decreto alcan\u00e7a tamb\u00e9m as atividades que envolvem aglomera\u00e7\u00e3o de pessoas, como eventos desportivos, inclusive jogos de campeonatos de futebol, profissionais e amadores religiosos, shows, feiras, apresenta\u00e7\u00f5es circenses, eventos cient\u00edficos, passeatas, aulas em academias de dan\u00e7a e gin\u00e1stica, al\u00e9m, da abertura e funcionamento de zool\u00f3gicos, museus, teatros, dentre outros.<\/p>\n<p style=\"text-align: justify;\">Tamb\u00e9m ficam suspensas at\u00e9 21 de junho a circula\u00e7\u00e3o, a sa\u00edda e a chegada de \u00f4nibus interestaduais no territ\u00f3rio baiano. A suspens\u00e3o do transporte coletivo intermunicipal \u00e9 adotada nas cidades que n\u00e3o possuem mais de 14 dias sem registros de casos do novo coronav\u00edrus. A medida inclui a circula\u00e7\u00e3o, a sa\u00edda e a chegada de qualquer transporte intermunicipal coletivo, p\u00fablico e privado, rodovi\u00e1rio e hidrovi\u00e1rio, nas modalidades regular, fretamento, complementar, alternativo e de vans.<\/p>\n<p style=\"text-align: justify;\"><em>Fonte: R\u00e1dio Povo <\/em><\/p>\n<p style=\"text-align: justify;\"><em>Com informa\u00e7\u00f5es: Metro1<\/em><\/p>\n","protected":false},"excerpt":{"rendered":"<p>O governador da Bahia, Rui Costa, ampliou a suspens\u00e3o das aulas na rede estadual e a realiza\u00e7\u00e3o de eventos com mais de 50 pessoas em todo o territ\u00f3rio baiano para atender o dia 21 de junho.<\/p>\n","protected":false},"author":2,"featured_media":3358,"comment_status":"open","ping_status":"open","sticky":false,"template":"","format":"standard","meta":{"om_disable_all_campaigns":false,"_monsterinsights_skip_tracking":false,"_monsterinsights_sitenote_active":false,"_monsterinsights_sitenote_note":"","_monsterinsights_sitenote_category":0,"footnotes":""},"categories":[33,70,20,69,21,19],"tags":[1154,1146,54,3429,3486,140,283,282,61],"class_list":["post-24925","post","type-post","status-publish","format-standard","has-post-thumbnail","hentry","category-bahia","category-destaques","category-educacao","category-noticias2","category-politica","category-saude","tag-aulas","tag-aulas-suspensas","tag-bahia","tag-coronavirus","tag-covid-19","tag-educacao","tag-governador","tag-rui-costa","tag-saude"],"aioseo_notices":[],"_links":{"self":[{"href":"https:\/\/www.portalalerta.com.br\/index.php\/wp-json\/wp\/v2\/posts\/24925","targetHints":{"allow":["GET"]}}],"collection":[{"href":"https:\/\/www.portalalerta.com.br\/index.php\/wp-json\/wp\/v2\/posts"}],"about":[{"href":"https:\/\/www.portalalerta.com.br\/index.php\/wp-json\/wp\/v2\/types\/post"}],"author":[{"embeddable":true,"href":"https:\/\/www.portalalerta.com.br\/index.php\/wp-json\/wp\/v2\/users\/2"}],"replies":[{"embeddable":true,"href":"https:\/\/www.portalalerta.com.br\/index.php\/wp-json\/wp\/v2\/comments?post=24925"}],"version-history":[{"count":1,"href":"https:\/\/www.portalalerta.com.br\/index.php\/wp-json\/wp\/v2\/posts\/24925\/revisions"}],"predecessor-version":[{"id":24926,"href":"https:\/\/www.portalalerta.com.br\/index.php\/wp-json\/wp\/v2\/posts\/24925\/revisions\/24926"}],"wp:featuredmedia":[{"embeddable":true,"href":"https:\/\/www.portalalerta.com.br\/index.php\/wp-json\/wp\/v2\/media\/3358"}],"wp:attachment":[{"href":"https:\/\/www.portalalerta.com.br\/index.php\/wp-json\/wp\/v2\/media?parent=24925"}],"wp:term":[{"taxonomy":"category","embeddable":true,"href":"https:\/\/www.portalalerta.com.br\/index.php\/wp-json\/wp\/v2\/categories?post=24925"},{"taxonomy":"post_tag","embeddable":true,"href":"https:\/\/www.portalalerta.com.br\/index.php\/wp-json\/wp\/v2\/tags?post=24925"}],"curies":[{"name":"wp","href":"https:\/\/api.w.org\/{rel}","templated":true}]}}