{"id":24927,"date":"2020-06-02T18:44:14","date_gmt":"2020-06-02T21:44:14","guid":{"rendered":"https:\/\/www.portalalerta.com.br\/?p=24927"},"modified":"2020-06-02T18:44:14","modified_gmt":"2020-06-02T21:44:14","slug":"sitio-do-quinto-ba-registra-o-primeiro-caso-de-covid-19","status":"publish","type":"post","link":"https:\/\/www.portalalerta.com.br\/index.php\/2020\/06\/02\/sitio-do-quinto-ba-registra-o-primeiro-caso-de-covid-19\/","title":{"rendered":"S\u00edtio do Quinto-BA registra o primeiro caso de Covid-19"},"content":{"rendered":"<p style=\"text-align: justify;\">No in\u00edcio da tarde desta ter\u00e7a-feira, 02 de Junho de 2020,o prefeito de Sitio Do Quinto (BA), Jair Jesus (PSD) confirmou em um pronunciamento, o registro do primeiro caso de coronav\u00edrus no munic\u00edpio.<!--more--><\/p>\n<p>A paciente \u00e9 uma mulher que retornou do\u00a0estado de S\u00e3o Paulo, a mesma entrou em contato direto com uma pessoa que teve Covid-19 em S\u00e3o Paulo. A paciente relata que apresentou sintomas h\u00e1 duas semanas, mas hoje encontra-se assintom\u00e1tica.<\/p>\n<p style=\"text-align: justify;\"><img fetchpriority=\"high\" decoding=\"async\" class=\"size-thumbnail wp-image-4869 aligncenter\" src=\"https:\/\/www.portalalerta.com.br\/wp-content\/uploads\/2018\/02\/Auto-Escola-Nobre-720x181.jpg\" alt=\"\" width=\"720\" height=\"181\" srcset=\"https:\/\/www.portalalerta.com.br\/wp-content\/uploads\/2018\/02\/Auto-Escola-Nobre.jpg 720w, https:\/\/www.portalalerta.com.br\/wp-content\/uploads\/2018\/02\/Auto-Escola-Nobre-260x65.jpg 260w, https:\/\/www.portalalerta.com.br\/wp-content\/uploads\/2018\/02\/Auto-Escola-Nobre-50x13.jpg 50w, https:\/\/www.portalalerta.com.br\/wp-content\/uploads\/2018\/02\/Auto-Escola-Nobre-150x38.jpg 150w\" sizes=\"(max-width: 720px) 100vw, 720px\" \/>A Secret\u00e1ria de Sa\u00fade informou que a paciente se encontra em isolamento domiciliar\u00a0e est\u00e1 sendo monitorada pela vigil\u00e2ncia epidemiol\u00f3gica do munic\u00edpio, salientando ainda que est\u00e1 adotando todas as medidas para evitar a prolifera\u00e7\u00e3o do v\u00edrus na cidade.<\/p>\n<p>Para facilitar a comunica\u00e7\u00e3o entre o munic\u00edpio e a popula\u00e7\u00e3o sobre o Covid-19,a prefeitura disponibiliza o telefone (75) 9.9863-7875 em que o cidad\u00e3o pode ligar ou mandar mensagem via WhatsApp para tirar d\u00favidas e\/ou fazer den\u00fancias relacionadas a pandemia do coronav\u00edrus.<\/p>\n<p style=\"text-align: justify;\"><em>Fonte: C\u00edcero Dantas Acontece <\/em><\/p>\n","protected":false},"excerpt":{"rendered":"<p>No in\u00edcio da tarde desta ter\u00e7a-feira, 02 de Junho de 2020,o prefeito de Sitio Do Quinto (BA), Jair Jesus (PSD) confirmou em um pronunciamento, o registro do primeiro caso de coronav\u00edrus no munic\u00edpio.<\/p>\n","protected":false},"author":2,"featured_media":24928,"comment_status":"open","ping_status":"open","sticky":false,"template":"","format":"standard","meta":{"om_disable_all_campaigns":false,"_monsterinsights_skip_tracking":false,"_monsterinsights_sitenote_active":false,"_monsterinsights_sitenote_note":"","_monsterinsights_sitenote_category":0,"footnotes":""},"categories":[70,69,32,19,7],"tags":[3429,3486,61,111],"class_list":["post-24927","post","type-post","status-publish","format-standard","has-post-thumbnail","hentry","category-destaques","category-noticias2","category-regiao","category-saude","category-sitio-do-quinto","tag-coronavirus","tag-covid-19","tag-saude","tag-sitio-do-quinto"],"aioseo_notices":[],"_links":{"self":[{"href":"https:\/\/www.portalalerta.com.br\/index.php\/wp-json\/wp\/v2\/posts\/24927","targetHints":{"allow":["GET"]}}],"collection":[{"href":"https:\/\/www.portalalerta.com.br\/index.php\/wp-json\/wp\/v2\/posts"}],"about":[{"href":"https:\/\/www.portalalerta.com.br\/index.php\/wp-json\/wp\/v2\/types\/post"}],"author":[{"embeddable":true,"href":"https:\/\/www.portalalerta.com.br\/index.php\/wp-json\/wp\/v2\/users\/2"}],"replies":[{"embeddable":true,"href":"https:\/\/www.portalalerta.com.br\/index.php\/wp-json\/wp\/v2\/comments?post=24927"}],"version-history":[{"count":2,"href":"https:\/\/www.portalalerta.com.br\/index.php\/wp-json\/wp\/v2\/posts\/24927\/revisions"}],"predecessor-version":[{"id":24943,"href":"https:\/\/www.portalalerta.com.br\/index.php\/wp-json\/wp\/v2\/posts\/24927\/revisions\/24943"}],"wp:featuredmedia":[{"embeddable":true,"href":"https:\/\/www.portalalerta.com.br\/index.php\/wp-json\/wp\/v2\/media\/24928"}],"wp:attachment":[{"href":"https:\/\/www.portalalerta.com.br\/index.php\/wp-json\/wp\/v2\/media?parent=24927"}],"wp:term":[{"taxonomy":"category","embeddable":true,"href":"https:\/\/www.portalalerta.com.br\/index.php\/wp-json\/wp\/v2\/categories?post=24927"},{"taxonomy":"post_tag","embeddable":true,"href":"https:\/\/www.portalalerta.com.br\/index.php\/wp-json\/wp\/v2\/tags?post=24927"}],"curies":[{"name":"wp","href":"https:\/\/api.w.org\/{rel}","templated":true}]}}