{"id":24933,"date":"2020-06-02T20:49:45","date_gmt":"2020-06-02T23:49:45","guid":{"rendered":"https:\/\/www.portalalerta.com.br\/?p=24933"},"modified":"2020-06-02T20:49:45","modified_gmt":"2020-06-02T23:49:45","slug":"investigados-tiveram-acesso-a-autos-do-inquerito-das-fake-news-diz-alexandre-de-moraes","status":"publish","type":"post","link":"https:\/\/www.portalalerta.com.br\/index.php\/2020\/06\/02\/investigados-tiveram-acesso-a-autos-do-inquerito-das-fake-news-diz-alexandre-de-moraes\/","title":{"rendered":"Investigados tiveram acesso a autos do inqu\u00e9rito das fake news, diz Alexandre de Moraes"},"content":{"rendered":"<p style=\"text-align: justify;\">O ministro Alexandre de Moraes, do\u00a0Supremo Tribunal Federal (STF), afirmou em nota divulgada na noite de segunda-feira, 1\u00ba, que os investigados no inqu\u00e9rito que apura a dissemina\u00e7\u00e3o de fake news e ataques ao STF, assim como seus advogados, tiveram acesso integral aos autos da apura\u00e7\u00e3o.<!--more--><\/p>\n<p style=\"text-align: justify;\">Alguns dos investigados, como o blogueiro Allan dos Santos, acusaram o ministro de n\u00e3o ter permitido o acesso ao processo e disseram que, dessa forma, n\u00e3o t\u00eam clareza do que est\u00e3o sendo acusados.<\/p>\n<p style=\"text-align: justify;\"><img fetchpriority=\"high\" decoding=\"async\" class=\"size-thumbnail wp-image-23589 aligncenter\" src=\"https:\/\/www.portalalerta.com.br\/wp-content\/uploads\/2020\/04\/real-acordo-720x93.jpg\" alt=\"\" width=\"720\" height=\"93\" \/>A opera\u00e7\u00e3o deflagrada na semana passada incluiu a busca e apreens\u00e3o de computadores, celulares e tablets de empres\u00e1rios e ativistas digitais ligados ao bolsonarismo e acusados de produzirem e financiarem not\u00edcias falsas. Entre eles, Luciano Hang, dono da rede de lojas Havan, Edgard Corona, da rede de academias Smart Fit, a ativista Sara Winter e Allan dos Santos, al\u00e9m do ex-deputado federal e presidente do PTB, Roberto Jefferson.<\/p>\n<p style=\"text-align: justify;\">Outros oito parlamentares bolsonaristas, seis federais e dois estaduais de S\u00e3o Paulo, foram convocados a depor. Esta semana, os alvos da opera\u00e7\u00e3o da semana passada tamb\u00e9m est\u00e3o sendo chamados a depor.<\/p>\n<p style=\"text-align: justify;\"><em>Fonte: Yahoo Not\u00edcias<\/em><\/p>\n","protected":false},"excerpt":{"rendered":"<p>O ministro Alexandre de Moraes, do\u00a0Supremo Tribunal Federal (STF), afirmou em nota divulgada na noite de segunda-feira, 1\u00ba, que os investigados no inqu\u00e9rito que apura a dissemina\u00e7\u00e3o de fake news e ataques ao STF, assim como seus advogados, tiveram acesso integral aos autos da apura\u00e7\u00e3o.<\/p>\n","protected":false},"author":2,"featured_media":16331,"comment_status":"open","ping_status":"open","sticky":false,"template":"","format":"standard","meta":{"om_disable_all_campaigns":false,"_monsterinsights_skip_tracking":false,"_monsterinsights_sitenote_active":false,"_monsterinsights_sitenote_note":"","_monsterinsights_sitenote_category":0,"footnotes":""},"categories":[34,70,69,21],"tags":[1173,93,821,298,216],"class_list":["post-24933","post","type-post","status-publish","format-standard","has-post-thumbnail","hentry","category-brasil","category-destaques","category-noticias2","category-politica","tag-alexandre-de-moraes","tag-brasil","tag-fakenews","tag-investigacao","tag-stf"],"aioseo_notices":[],"_links":{"self":[{"href":"https:\/\/www.portalalerta.com.br\/index.php\/wp-json\/wp\/v2\/posts\/24933","targetHints":{"allow":["GET"]}}],"collection":[{"href":"https:\/\/www.portalalerta.com.br\/index.php\/wp-json\/wp\/v2\/posts"}],"about":[{"href":"https:\/\/www.portalalerta.com.br\/index.php\/wp-json\/wp\/v2\/types\/post"}],"author":[{"embeddable":true,"href":"https:\/\/www.portalalerta.com.br\/index.php\/wp-json\/wp\/v2\/users\/2"}],"replies":[{"embeddable":true,"href":"https:\/\/www.portalalerta.com.br\/index.php\/wp-json\/wp\/v2\/comments?post=24933"}],"version-history":[{"count":2,"href":"https:\/\/www.portalalerta.com.br\/index.php\/wp-json\/wp\/v2\/posts\/24933\/revisions"}],"predecessor-version":[{"id":24948,"href":"https:\/\/www.portalalerta.com.br\/index.php\/wp-json\/wp\/v2\/posts\/24933\/revisions\/24948"}],"wp:featuredmedia":[{"embeddable":true,"href":"https:\/\/www.portalalerta.com.br\/index.php\/wp-json\/wp\/v2\/media\/16331"}],"wp:attachment":[{"href":"https:\/\/www.portalalerta.com.br\/index.php\/wp-json\/wp\/v2\/media?parent=24933"}],"wp:term":[{"taxonomy":"category","embeddable":true,"href":"https:\/\/www.portalalerta.com.br\/index.php\/wp-json\/wp\/v2\/categories?post=24933"},{"taxonomy":"post_tag","embeddable":true,"href":"https:\/\/www.portalalerta.com.br\/index.php\/wp-json\/wp\/v2\/tags?post=24933"}],"curies":[{"name":"wp","href":"https:\/\/api.w.org\/{rel}","templated":true}]}}