{"id":24938,"date":"2020-06-02T21:03:32","date_gmt":"2020-06-03T00:03:32","guid":{"rendered":"https:\/\/www.portalalerta.com.br\/?p=24938"},"modified":"2020-06-02T21:03:32","modified_gmt":"2020-06-03T00:03:32","slug":"apoiadora-pede-mensagem-de-conforto-sobre-mortos-na-pandemia-e-bolsonaro-diz-e-o-destino","status":"publish","type":"post","link":"https:\/\/www.portalalerta.com.br\/index.php\/2020\/06\/02\/apoiadora-pede-mensagem-de-conforto-sobre-mortos-na-pandemia-e-bolsonaro-diz-e-o-destino\/","title":{"rendered":"Apoiadora pede mensagem de conforto sobre mortos na pandemia e Bolsonaro diz: &#8220;\u00e9 o destino&#8221;"},"content":{"rendered":"<p style=\"text-align: justify;\">No dia em que o Brasil deve superar a marca dos\u00a030 mil mortos\u00a0pela\u00a0pandemia do novo coronav\u00edrus, o presidente\u00a0Jair Bolsonaro\u00a0(sem partido) afirmou que lamenta o n\u00famero de \u00f3bitos no pa\u00eds, mas que \u201c\u00e9 o destino\u201d das pessoas.<!--more--><\/p>\n<p style=\"text-align: justify;\"><img fetchpriority=\"high\" decoding=\"async\" class=\"size-thumbnail wp-image-9394 alignleft\" src=\"https:\/\/www.portalalerta.com.br\/wp-content\/uploads\/2018\/07\/05elab-320x240.jpg\" alt=\"\" width=\"320\" height=\"240\" srcset=\"https:\/\/www.portalalerta.com.br\/wp-content\/uploads\/2018\/07\/05elab-320x240.jpg 320w, https:\/\/www.portalalerta.com.br\/wp-content\/uploads\/2018\/07\/05elab-195x146.jpg 195w, https:\/\/www.portalalerta.com.br\/wp-content\/uploads\/2018\/07\/05elab-50x38.jpg 50w, https:\/\/www.portalalerta.com.br\/wp-content\/uploads\/2018\/07\/05elab-100x75.jpg 100w, https:\/\/www.portalalerta.com.br\/wp-content\/uploads\/2018\/07\/05elab.jpg 400w\" sizes=\"(max-width: 320px) 100vw, 320px\" \/>A declara\u00e7\u00e3o inusitada ocorreu nesta ter\u00e7a-feira (02) quando uma apoiadora pediu ao presidente que enviasse uma mensagem de conforto para as \u201cin\u00fameras fam\u00edlias enlutadas&#8221; em raz\u00e3o da pandemia de Covid-19 no Brasil.<\/p>\n<p style=\"text-align: justify;\">\u201cA gente lamenta todos os mortos, mas \u00e9 o destino de todo mundo\u201d, disse Bolsonaro, na sa\u00edda do Pal\u00e1cio da Alvorada, segundo o jornal Correio Braziliense.<\/p>\n<p style=\"text-align: justify;\">De acordo com o boletim mais recente divulgado pelo Minist\u00e9rio da Sa\u00fade nesta segunda-feira (01), o Brasil registra 29.937 mortos, al\u00e9m de 526.447 casos confirmados.<\/p>\n<p style=\"text-align: justify;\">Mesmo com a ascens\u00e3o da pandemia no pa\u00eds, o presidente voltou a defender a cloroquina para combater o novo coronav\u00edrus. A subst\u00e2ncia n\u00e3o tem efic\u00e1cia cientificamente comprovada.<\/p>\n<p style=\"text-align: justify;\">\u201cPessoal que reclama contra a cloroquina n\u00e3o tem alternativa. Eu sou contra isso, mas aponte\u2026 N\u00f3s sabemos que pode n\u00e3o ser realmente isso tudo que alguns pensam. Mas \u00e9 o que aparece no momento. Tem relatos de pessoas, tem muitos m\u00e9dicos favor\u00e1veis e tem uma briga farmac\u00eautica muito grande tamb\u00e9m\u201d, avaliou Bolsonaro.<\/p>\n<p style=\"text-align: justify;\">A amplia\u00e7\u00e3o do uso da cloroquina no tratamento da Covid-19 foi o estopim do conflito entre Bolsonaro e o ex-ministro da Sa\u00fade Nelson Teich, que se demitiu no dia 15 de maio. Desde ent\u00e3o, o general Eduardo Pazuello ocupa interinamente a pasta.<\/p>\n<p style=\"text-align: justify;\"><strong>\u201cE da\u00ed?\u201d<\/strong><\/p>\n<p style=\"text-align: justify;\">Algumas falas do presidente ao comentar as v\u00edtimas da pandemia j\u00e1 causaram muita repercuss\u00e3o negativa por todo o pa\u00eds.<\/p>\n<p style=\"text-align: justify;\">Ao final de mar\u00e7o, primeiro m\u00eas da pandemia no pa\u00eds, Bolsonaro afirmou: \u201cAlguns v\u00e3o morrer, lamento, essa \u00e9 a vida\u201d.<\/p>\n<p style=\"text-align: justify;\">Um m\u00eas depois, no final de abril, o presidente revoltou parte do pa\u00eds ao ser questionado sobre o fato do Brasil ultrapassar a China no n\u00famero de mortes pela Covid-19.<\/p>\n<p style=\"text-align: justify;\">\u201cE da\u00ed? Lamento. Quer que eu fa\u00e7a o qu\u00ea? Eu sou Messias, mas n\u00e3o fa\u00e7o milagre&#8221;, disse, em refer\u00eancia ao pr\u00f3prio sobrenome.<\/p>\n<p style=\"text-align: justify;\"><em>Fonte: Yahoo Not\u00edcias<\/em><\/p>\n","protected":false},"excerpt":{"rendered":"<p>No dia em que o Brasil deve superar a marca dos\u00a030 mil mortos\u00a0pela\u00a0pandemia do novo coronav\u00edrus, o presidente\u00a0Jair Bolsonaro\u00a0(sem partido) afirmou que lamenta o n\u00famero de \u00f3bitos no pa\u00eds, mas que \u201c\u00e9 o destino\u201d das pessoas.<\/p>\n","protected":false},"author":2,"featured_media":23997,"comment_status":"open","ping_status":"open","sticky":false,"template":"","format":"standard","meta":{"om_disable_all_campaigns":false,"_monsterinsights_skip_tracking":false,"_monsterinsights_sitenote_active":false,"_monsterinsights_sitenote_note":"","_monsterinsights_sitenote_category":0,"footnotes":""},"categories":[34,70,69,21,19],"tags":[93,3429,3486,1395,439],"class_list":["post-24938","post","type-post","status-publish","format-standard","has-post-thumbnail","hentry","category-brasil","category-destaques","category-noticias2","category-politica","category-saude","tag-brasil","tag-coronavirus","tag-covid-19","tag-jair-bolsonaro","tag-mortes"],"aioseo_notices":[],"_links":{"self":[{"href":"https:\/\/www.portalalerta.com.br\/index.php\/wp-json\/wp\/v2\/posts\/24938","targetHints":{"allow":["GET"]}}],"collection":[{"href":"https:\/\/www.portalalerta.com.br\/index.php\/wp-json\/wp\/v2\/posts"}],"about":[{"href":"https:\/\/www.portalalerta.com.br\/index.php\/wp-json\/wp\/v2\/types\/post"}],"author":[{"embeddable":true,"href":"https:\/\/www.portalalerta.com.br\/index.php\/wp-json\/wp\/v2\/users\/2"}],"replies":[{"embeddable":true,"href":"https:\/\/www.portalalerta.com.br\/index.php\/wp-json\/wp\/v2\/comments?post=24938"}],"version-history":[{"count":2,"href":"https:\/\/www.portalalerta.com.br\/index.php\/wp-json\/wp\/v2\/posts\/24938\/revisions"}],"predecessor-version":[{"id":24950,"href":"https:\/\/www.portalalerta.com.br\/index.php\/wp-json\/wp\/v2\/posts\/24938\/revisions\/24950"}],"wp:featuredmedia":[{"embeddable":true,"href":"https:\/\/www.portalalerta.com.br\/index.php\/wp-json\/wp\/v2\/media\/23997"}],"wp:attachment":[{"href":"https:\/\/www.portalalerta.com.br\/index.php\/wp-json\/wp\/v2\/media?parent=24938"}],"wp:term":[{"taxonomy":"category","embeddable":true,"href":"https:\/\/www.portalalerta.com.br\/index.php\/wp-json\/wp\/v2\/categories?post=24938"},{"taxonomy":"post_tag","embeddable":true,"href":"https:\/\/www.portalalerta.com.br\/index.php\/wp-json\/wp\/v2\/tags?post=24938"}],"curies":[{"name":"wp","href":"https:\/\/api.w.org\/{rel}","templated":true}]}}