{"id":24989,"date":"2020-06-04T10:15:43","date_gmt":"2020-06-04T13:15:43","guid":{"rendered":"https:\/\/www.portalalerta.com.br\/?p=24989"},"modified":"2020-06-04T10:15:43","modified_gmt":"2020-06-04T13:15:43","slug":"endurecem-acusacoes-contra-policial-que-asfixiou-floyd-e-outros-tres-agentes-serao-processados","status":"publish","type":"post","link":"https:\/\/www.portalalerta.com.br\/index.php\/2020\/06\/04\/endurecem-acusacoes-contra-policial-que-asfixiou-floyd-e-outros-tres-agentes-serao-processados\/","title":{"rendered":"Endurecem acusa\u00e7\u00f5es contra policial que asfixiou Floyd e outros tr\u00eas agentes ser\u00e3o processados"},"content":{"rendered":"<p style=\"text-align: justify;\">O procurador que investiga a morte de George Floyd endureceu as acusa\u00e7\u00f5es contra o policial que o asfixiou, o qual acusa de &#8220;homic\u00eddio sem premedita\u00e7\u00e3o&#8221;, e ir\u00e1 processar tamb\u00e9m outros tr\u00eas agentes presentes, segundo documentos judiciais.<!--more--><\/p>\n<p style=\"text-align: justify;\">A fam\u00edlia de Floyd comemorou a decis\u00e3o em comunicado divulgado por seu advogado, Ben Crump: &#8220;Este \u00e9 um passo importante no caminho da justi\u00e7a.&#8221;<\/p>\n<p style=\"text-align: justify;\">O agente Derek Chauvin, que, na semana passada, foi acusado de homicidio culposo, tamb\u00e9m ser\u00e1 processado por homic\u00eddio sem premedita\u00e7\u00e3o, acusa\u00e7\u00e3o que se soma \u00e0s j\u00e1 existentes e que significa penas mais severas.<\/p>\n<p style=\"text-align: justify;\">Al\u00e9m disso, o procurador ir\u00e1 processar os outros tr\u00eas agentes que estavam no local, acusando-os de ajudar Chauvin. Eles ser\u00e3o acusados de ajudar e instigar um homic\u00eddio sem premedita\u00e7\u00e3o.<\/p>\n<p style=\"text-align: justify;\">Uma semana depois da morte de George Floyd, um homem negro de 46 anos que foi asfixiado por um policial branco em Minneapolis ap\u00f3s a deten\u00e7\u00e3o, os protestos acontecem de costa a costa nos Estados Unidos. As manifesta\u00e7\u00f5es, pac\u00edficas em sua maioria, resultaram em dist\u00farbios generalizados. Segundo levantamento da ag\u00eancia AP, mais de 5.600 pessoas foram presas desde o in\u00edcio dos protestos.<\/p>\n<p style=\"text-align: justify;\"><img fetchpriority=\"high\" decoding=\"async\" class=\"size-thumbnail wp-image-4869 aligncenter\" src=\"https:\/\/www.portalalerta.com.br\/wp-content\/uploads\/2018\/02\/Auto-Escola-Nobre-720x181.jpg\" alt=\"\" width=\"720\" height=\"181\" srcset=\"https:\/\/www.portalalerta.com.br\/wp-content\/uploads\/2018\/02\/Auto-Escola-Nobre.jpg 720w, https:\/\/www.portalalerta.com.br\/wp-content\/uploads\/2018\/02\/Auto-Escola-Nobre-260x65.jpg 260w, https:\/\/www.portalalerta.com.br\/wp-content\/uploads\/2018\/02\/Auto-Escola-Nobre-50x13.jpg 50w, https:\/\/www.portalalerta.com.br\/wp-content\/uploads\/2018\/02\/Auto-Escola-Nobre-150x38.jpg 150w\" sizes=\"(max-width: 720px) 100vw, 720px\" \/>Na segunda-feira, o presidente Donald Trump prometeu restaurar a ordem e amea\u00e7ou os estados com a mobiliza\u00e7\u00e3o dos militares. Em tom firme, pediu que os governadores e prefeitos usem as for\u00e7as da Guarda Nacional em n\u00famero suficiente para conter as ruas.<\/p>\n<p style=\"text-align: justify;\">&#8220;Se uma cidade ou estado se recusar a tomar as medidas necess\u00e1rias para defender a vida e a propriedade de seus residentes, ent\u00e3o implantarei as for\u00e7as armadas dos Estados Unidos e rapidamente resolverei o problema para eles.&#8221;<\/p>\n<p style=\"text-align: justify;\">Houve protestos tamb\u00e9m em frente \u00e0 Casa Branca, que seguiam de forma pac\u00edfica, mas foram dispersados com bombas. Grande parte das manifesta\u00e7\u00f5es transcorre de forma tranquila durante o dia, mas o cair da noite divide os grupos e tem mudado o clima em muitas regi\u00f5es.<\/p>\n<p style=\"text-align: justify;\"><strong>A MORTE DE GEORGE FLOYD<\/strong><\/p>\n<p style=\"text-align: justify;\">Desde o in\u00edcio da semana passada, milhares de pessoas pedem justi\u00e7a pela morte de George Floyd.<\/p>\n<p style=\"text-align: justify;\">Negro e desarmado, o ex-seguran\u00e7a de 46 anos teve o pesco\u00e7o prensado contra o ch\u00e3o por quase nove minutos pelo joelho de um policial branco em Minnesota. O agora ex-policial Derek Chauvin foi preso na sexta-feira (29) e transferido no domingo para uma pris\u00e3o de seguran\u00e7a m\u00e1xima, onde espera julgamento.<\/p>\n<p style=\"text-align: justify;\">O agente j\u00e1 foi objeto de 18 inqu\u00e9ritos disciplinares, dos quais 16 foram encerrados sem nenhum tipo de puni\u00e7\u00e3o. Ele foi demitido da pol\u00edcia logo ap\u00f3s o epis\u00f3dio vir \u00e0 tona.<\/p>\n<p style=\"text-align: justify;\">Nesta segunda, m\u00e9dicos independentes apontaram que Floyd foi morto por &#8220;asfixia mec\u00e2nica&#8221;, o que difere do relat\u00f3rio divulgado pela pol\u00edcia anteriormente. A a\u00e7\u00e3o, gravada por testemunhas que passavam pelo local, viralizou nas redes sociais e mobilizou o pa\u00eds.<\/p>\n<p style=\"text-align: justify;\">Os atos contra a viol\u00eancia sistem\u00e1tica da pol\u00edcia t\u00eam escancarado mais uma vez as desigualdades e o racismo estrutural que atravessa as institui\u00e7\u00f5es americanas.<\/p>\n<p style=\"text-align: justify;\">Eles ganham for\u00e7a no momento em que o pa\u00eds sofre com a pandemia do coronav\u00edrus, que j\u00e1 matou mais de 100 mil pessoas e mergulhou os americanos -principalmente os negros- em uma combina\u00e7\u00e3o de crise econ\u00f4mica e de sa\u00fade p\u00fablica sem precedente.<\/p>\n<p style=\"text-align: justify;\"><em>Fonte: Yahoo Not\u00edcias<\/em><\/p>\n","protected":false},"excerpt":{"rendered":"<p>O procurador que investiga a morte de George Floyd endureceu as acusa\u00e7\u00f5es contra o policial que o asfixiou, o qual acusa de &#8220;homic\u00eddio sem premedita\u00e7\u00e3o&#8221;, e ir\u00e1 processar tamb\u00e9m outros tr\u00eas agentes presentes, segundo documentos judiciais.<\/p>\n","protected":false},"author":2,"featured_media":24990,"comment_status":"open","ping_status":"open","sticky":false,"template":"","format":"standard","meta":{"om_disable_all_campaigns":false,"_monsterinsights_skip_tracking":false,"_monsterinsights_sitenote_active":false,"_monsterinsights_sitenote_note":"","_monsterinsights_sitenote_category":0,"footnotes":""},"categories":[70,35,69,22],"tags":[327,206,339,2632,104],"class_list":["post-24989","post","type-post","status-publish","format-standard","has-post-thumbnail","hentry","category-destaques","category-mundo","category-noticias2","category-seguranca","tag-eua","tag-homicidio","tag-mundo","tag-negros","tag-policia"],"aioseo_notices":[],"_links":{"self":[{"href":"https:\/\/www.portalalerta.com.br\/index.php\/wp-json\/wp\/v2\/posts\/24989","targetHints":{"allow":["GET"]}}],"collection":[{"href":"https:\/\/www.portalalerta.com.br\/index.php\/wp-json\/wp\/v2\/posts"}],"about":[{"href":"https:\/\/www.portalalerta.com.br\/index.php\/wp-json\/wp\/v2\/types\/post"}],"author":[{"embeddable":true,"href":"https:\/\/www.portalalerta.com.br\/index.php\/wp-json\/wp\/v2\/users\/2"}],"replies":[{"embeddable":true,"href":"https:\/\/www.portalalerta.com.br\/index.php\/wp-json\/wp\/v2\/comments?post=24989"}],"version-history":[{"count":2,"href":"https:\/\/www.portalalerta.com.br\/index.php\/wp-json\/wp\/v2\/posts\/24989\/revisions"}],"predecessor-version":[{"id":24999,"href":"https:\/\/www.portalalerta.com.br\/index.php\/wp-json\/wp\/v2\/posts\/24989\/revisions\/24999"}],"wp:featuredmedia":[{"embeddable":true,"href":"https:\/\/www.portalalerta.com.br\/index.php\/wp-json\/wp\/v2\/media\/24990"}],"wp:attachment":[{"href":"https:\/\/www.portalalerta.com.br\/index.php\/wp-json\/wp\/v2\/media?parent=24989"}],"wp:term":[{"taxonomy":"category","embeddable":true,"href":"https:\/\/www.portalalerta.com.br\/index.php\/wp-json\/wp\/v2\/categories?post=24989"},{"taxonomy":"post_tag","embeddable":true,"href":"https:\/\/www.portalalerta.com.br\/index.php\/wp-json\/wp\/v2\/tags?post=24989"}],"curies":[{"name":"wp","href":"https:\/\/api.w.org\/{rel}","templated":true}]}}