{"id":25106,"date":"2020-06-07T10:14:20","date_gmt":"2020-06-07T13:14:20","guid":{"rendered":"https:\/\/www.portalalerta.com.br\/?p=25106"},"modified":"2020-06-07T10:14:20","modified_gmt":"2020-06-07T13:14:20","slug":"justica-determina-que-prefeitura-de-cicero-dantas-forneca-alcool-em-gel-e-mascaras-a-servidores-publicos","status":"publish","type":"post","link":"https:\/\/www.portalalerta.com.br\/index.php\/2020\/06\/07\/justica-determina-que-prefeitura-de-cicero-dantas-forneca-alcool-em-gel-e-mascaras-a-servidores-publicos\/","title":{"rendered":"Justi\u00e7a determina que prefeitura de C\u00edcero Dantas forne\u00e7a \u00e1lcool em gel e m\u00e1scaras a servidores p\u00fablicos"},"content":{"rendered":"<p style=\"text-align: justify;\">O juiz Leonardo Carvalho Ten\u00f3rio de Albuquerque, da Comarca de C\u00edcero Dantas (BA), deferiu parcialmente a tutela de urg\u00eancia requerida por entidades sindicais de \u00e2mbito local e regional, que solicitam o fornecimento de equipamentos de prote\u00e7\u00e3o individual a servidores p\u00fablicos da cidade, em face do atual cen\u00e1rio de pandemia da Covid-19, e onde, inclusive, j\u00e1 h\u00e1 o registro de uma pessoa infectada.<!--more--><\/p>\n<p style=\"text-align: justify;\">Em a\u00e7\u00e3o civil p\u00fablica, o SINDCID (Sindicato dos Servidores P\u00fablicos Civis de C\u00edcero Dantas) e o Sindicato Regional dos Agentes Comunit\u00e1rios de Sa\u00fade e Agentes de Combate \u00e0s Endemias Nordeste I e Vale S\u00e3o Franciscano solicitaram a determina\u00e7\u00e3o judicial de que o munic\u00edpio disponibilize \u00e1lcool em gel 70%, sab\u00e3o antiss\u00e9ptico l\u00edquido, papel toalha, mas caras e luvas aos funcion\u00e1rios que continuam atuando presencialmente em \u00f3rg\u00e3os p\u00fablicos.<\/p>\n<p style=\"text-align: justify;\"><img fetchpriority=\"high\" decoding=\"async\" class=\"size-thumbnail wp-image-9394 alignleft\" src=\"https:\/\/www.portalalerta.com.br\/wp-content\/uploads\/2018\/07\/05elab-320x240.jpg\" alt=\"\" width=\"320\" height=\"240\" srcset=\"https:\/\/www.portalalerta.com.br\/wp-content\/uploads\/2018\/07\/05elab-320x240.jpg 320w, https:\/\/www.portalalerta.com.br\/wp-content\/uploads\/2018\/07\/05elab-195x146.jpg 195w, https:\/\/www.portalalerta.com.br\/wp-content\/uploads\/2018\/07\/05elab-50x38.jpg 50w, https:\/\/www.portalalerta.com.br\/wp-content\/uploads\/2018\/07\/05elab-100x75.jpg 100w, https:\/\/www.portalalerta.com.br\/wp-content\/uploads\/2018\/07\/05elab.jpg 400w\" sizes=\"(max-width: 320px) 100vw, 320px\" \/>Ap\u00f3s receber o pedido das entidades, o juiz Leonardo Carvalho tamb\u00e9m p\u00f4de analisar a resposta da prefeitura de C\u00edcero Dantas, que afirmou n\u00e3o ser verdadeira a alega\u00e7\u00e3o de suposta falta de materiais de higiene pessoal e de EPIs para uso dos servidores (inclusive dos agentes comunit\u00e1rios de sa\u00fade), mas relatou tamb\u00e9m dificuldades decorrentes \u201cda menor oferta e maior pre\u00e7o dos equipamentos de prote\u00e7\u00e3o individual\u201d e \u201cdo cen\u00e1rio de escassez e abuso nos valores praticados pelas m\u00e1scaras cir\u00fargicas a venda\u201d. O munic\u00edpio ainda afirmou que est\u00e1 em fase de cota\u00e7\u00e3o para a aquisi\u00e7\u00e3o de um maior quantitativo de m\u00e1scaras lav\u00e1veis a servidores que n\u00e3o atuem na linha de frente do combate \u00e0 Covid-19.<\/p>\n<p style=\"text-align: justify;\">Diante das exposi\u00e7\u00f5es, e levando em considera\u00e7\u00e3o o arcabou\u00e7o de leis de \u00e2mbito estadual e de recomenda\u00e7\u00f5es do Minist\u00e9rio da Sa\u00fade a respeito da preven\u00e7\u00e3o contra o coronav\u00edrus, o magistrado decidiu acolher o pedido de disponibiliza\u00e7\u00e3o das m\u00e1scaras de prote\u00e7\u00e3o facial e de \u00e1lcool em gel 70% aos servidores que atuem nas sedes de \u00f3rg\u00e3os da administra\u00e7\u00e3o municipal e externamente, cumprindo atribui\u00e7\u00f5es de seus cargos. Na decis\u00e3o (assinada na \u00faltima ter\u00e7a-feira, 02), o juiz determina que o fornecimento deva ocorrer dentro de 15 dias.<\/p>\n<p style=\"text-align: justify;\">O oferecimento de luvas, sab\u00e3o antiss\u00e9ptico l\u00edquido e papel toalha, no entanto, n\u00e3o foi acatado por Leonardo Carvalho que finalizou o texto do despacho, argumentando que deixaria de estabelecer multa di\u00e1ria por conta de eventual descumprimento pela gest\u00e3o municipal, em virtude da \u201cboa-f\u00e9 e dilig\u00eancia demonstradas em tentativas de obten\u00e7\u00e3o dos itens pelo Munic\u00edpio, seja pelas dificuldades j\u00e1 mencionadas em decorr\u00eancia da grande demanda e dos pre\u00e7os mais elevados praticados, sem preju\u00edzo de reavalia\u00e7\u00e3o ap\u00f3s o prazo assinalado.\u201d<\/p>\n<p style=\"text-align: justify;\"><em>Fonte: Sert\u00e3o em Pauta <\/em><\/p>\n","protected":false},"excerpt":{"rendered":"<p>O juiz Leonardo Carvalho Ten\u00f3rio de Albuquerque, da Comarca de C\u00edcero Dantas (BA), deferiu parcialmente a tutela de urg\u00eancia requerida por entidades sindicais de \u00e2mbito local e regional, que solicitam o fornecimento de equipamentos de prote\u00e7\u00e3o individual a servidores p\u00fablicos da cidade, em face do atual cen\u00e1rio de pandemia da Covid-19, e onde, inclusive, j\u00e1 &hellip;<\/p>\n","protected":false},"author":2,"featured_media":23521,"comment_status":"open","ping_status":"open","sticky":false,"template":"","format":"standard","meta":{"om_disable_all_campaigns":false,"_monsterinsights_skip_tracking":false,"_monsterinsights_sitenote_active":false,"_monsterinsights_sitenote_note":"","_monsterinsights_sitenote_category":0,"footnotes":""},"categories":[4,70,69,32,19],"tags":[3366,75,3429,3486,270,3536,61],"class_list":["post-25106","post","type-post","status-publish","format-standard","has-post-thumbnail","hentry","category-cicero-dantas","category-destaques","category-noticias2","category-regiao","category-saude","tag-alcool-em-gel","tag-cicero-dantas","tag-coronavirus","tag-covid-19","tag-justica","tag-mascaras-de-protecao","tag-saude"],"aioseo_notices":[],"_links":{"self":[{"href":"https:\/\/www.portalalerta.com.br\/index.php\/wp-json\/wp\/v2\/posts\/25106","targetHints":{"allow":["GET"]}}],"collection":[{"href":"https:\/\/www.portalalerta.com.br\/index.php\/wp-json\/wp\/v2\/posts"}],"about":[{"href":"https:\/\/www.portalalerta.com.br\/index.php\/wp-json\/wp\/v2\/types\/post"}],"author":[{"embeddable":true,"href":"https:\/\/www.portalalerta.com.br\/index.php\/wp-json\/wp\/v2\/users\/2"}],"replies":[{"embeddable":true,"href":"https:\/\/www.portalalerta.com.br\/index.php\/wp-json\/wp\/v2\/comments?post=25106"}],"version-history":[{"count":1,"href":"https:\/\/www.portalalerta.com.br\/index.php\/wp-json\/wp\/v2\/posts\/25106\/revisions"}],"predecessor-version":[{"id":25107,"href":"https:\/\/www.portalalerta.com.br\/index.php\/wp-json\/wp\/v2\/posts\/25106\/revisions\/25107"}],"wp:featuredmedia":[{"embeddable":true,"href":"https:\/\/www.portalalerta.com.br\/index.php\/wp-json\/wp\/v2\/media\/23521"}],"wp:attachment":[{"href":"https:\/\/www.portalalerta.com.br\/index.php\/wp-json\/wp\/v2\/media?parent=25106"}],"wp:term":[{"taxonomy":"category","embeddable":true,"href":"https:\/\/www.portalalerta.com.br\/index.php\/wp-json\/wp\/v2\/categories?post=25106"},{"taxonomy":"post_tag","embeddable":true,"href":"https:\/\/www.portalalerta.com.br\/index.php\/wp-json\/wp\/v2\/tags?post=25106"}],"curies":[{"name":"wp","href":"https:\/\/api.w.org\/{rel}","templated":true}]}}