{"id":25108,"date":"2020-06-07T10:18:50","date_gmt":"2020-06-07T13:18:50","guid":{"rendered":"https:\/\/www.portalalerta.com.br\/?p=25108"},"modified":"2020-06-07T10:18:50","modified_gmt":"2020-06-07T13:18:50","slug":"lista-de-candidatos-aprovados-em-concurso-da-pm-e-dos-bombeiros-da-bahia-e-divulgada","status":"publish","type":"post","link":"https:\/\/www.portalalerta.com.br\/index.php\/2020\/06\/07\/lista-de-candidatos-aprovados-em-concurso-da-pm-e-dos-bombeiros-da-bahia-e-divulgada\/","title":{"rendered":"Lista de candidatos aprovados em concurso da PM e dos Bombeiros da Bahia \u00e9 divulgada"},"content":{"rendered":"<p style=\"text-align: justify;\">O Governo da Bahia divulgou na \u00faltima sexta-feira (05), a lista com o nome dos candidatos aprovados no concurso que disponibilizou 2.500 vagas de n\u00edvel m\u00e9dio nas corpora\u00e7\u00f5es da Pol\u00edcia Militar e do Corpo de Bombeiros do estado.<!--more--><\/p>\n<p style=\"text-align: justify;\">O certame teve provas objetivas aplicadas no dia 19 de janeiro em cidades de diferentes partes do estado e contou com mais de 110 mil inscri\u00e7\u00f5es. Do quantitativo geral de vagas, 2 mil ser\u00e3o destinadas \u00e0 Pol\u00edcia Militar e 500 ao Corpo de Bombeiros.<\/p>\n<p style=\"text-align: justify;\"><img fetchpriority=\"high\" decoding=\"async\" class=\"size-thumbnail wp-image-4869 aligncenter\" src=\"https:\/\/www.portalalerta.com.br\/wp-content\/uploads\/2018\/02\/Auto-Escola-Nobre-720x181.jpg\" alt=\"\" width=\"720\" height=\"181\" srcset=\"https:\/\/www.portalalerta.com.br\/wp-content\/uploads\/2018\/02\/Auto-Escola-Nobre.jpg 720w, https:\/\/www.portalalerta.com.br\/wp-content\/uploads\/2018\/02\/Auto-Escola-Nobre-260x65.jpg 260w, https:\/\/www.portalalerta.com.br\/wp-content\/uploads\/2018\/02\/Auto-Escola-Nobre-50x13.jpg 50w, https:\/\/www.portalalerta.com.br\/wp-content\/uploads\/2018\/02\/Auto-Escola-Nobre-150x38.jpg 150w\" sizes=\"(max-width: 720px) 100vw, 720px\" \/>Al\u00e9m dessas oportunidades, o concurso ofertou vagas nas \u00e1reas de odont\u00f3logo e m\u00e9dico (17 ao todo), cujos aprovados atuar\u00e3o como oficiais de sa\u00fade da Pol\u00edcia Militar. Interessados poder\u00e3o, a partir da pr\u00f3xima segunda-feira (08), interpor recursos no site da banca organizadora do certame, o\u00a0<strong><a href=\"https:\/\/www.ibfc.org.br\/menus\/concurso_andamento\">Instituto Brasileiro de Forma\u00e7\u00e3o e Capacita\u00e7\u00e3o \u2013 IBFC<\/a>.<\/strong><\/p>\n<p style=\"text-align: justify;\"><strong><em>Clique\u00a0<\/em><\/strong><a href=\"http:\/\/dovirtual.ba.gov.br\/egba\/reader2\/\"><strong><em>aqui<\/em><\/strong><\/a><strong><em>\u00a0para conferir a lista de aprovados nos concursos da PM e dos Bombeiros.<\/em><\/strong><\/p>\n<p style=\"text-align: justify;\"><em>Fonte: Sert\u00e3o em Pauta<\/em><\/p>\n","protected":false},"excerpt":{"rendered":"<p>O Governo da Bahia divulgou na \u00faltima sexta-feira (05), a lista com o nome dos candidatos aprovados no concurso que disponibilizou 2.500 vagas de n\u00edvel m\u00e9dio nas corpora\u00e7\u00f5es da Pol\u00edcia Militar e do Corpo de Bombeiros do estado.<\/p>\n","protected":false},"author":2,"featured_media":20386,"comment_status":"open","ping_status":"open","sticky":false,"template":"","format":"standard","meta":{"om_disable_all_campaigns":false,"_monsterinsights_skip_tracking":false,"_monsterinsights_sitenote_active":false,"_monsterinsights_sitenote_note":"","_monsterinsights_sitenote_category":0,"footnotes":""},"categories":[33,70,69,22],"tags":[54,2850,257,3034,79],"class_list":["post-25108","post","type-post","status-publish","format-standard","has-post-thumbnail","hentry","category-bahia","category-destaques","category-noticias2","category-seguranca","tag-bahia","tag-bombeiro-militar","tag-concurso","tag-concurso-publico","tag-policia-militar"],"aioseo_notices":[],"_links":{"self":[{"href":"https:\/\/www.portalalerta.com.br\/index.php\/wp-json\/wp\/v2\/posts\/25108","targetHints":{"allow":["GET"]}}],"collection":[{"href":"https:\/\/www.portalalerta.com.br\/index.php\/wp-json\/wp\/v2\/posts"}],"about":[{"href":"https:\/\/www.portalalerta.com.br\/index.php\/wp-json\/wp\/v2\/types\/post"}],"author":[{"embeddable":true,"href":"https:\/\/www.portalalerta.com.br\/index.php\/wp-json\/wp\/v2\/users\/2"}],"replies":[{"embeddable":true,"href":"https:\/\/www.portalalerta.com.br\/index.php\/wp-json\/wp\/v2\/comments?post=25108"}],"version-history":[{"count":1,"href":"https:\/\/www.portalalerta.com.br\/index.php\/wp-json\/wp\/v2\/posts\/25108\/revisions"}],"predecessor-version":[{"id":25109,"href":"https:\/\/www.portalalerta.com.br\/index.php\/wp-json\/wp\/v2\/posts\/25108\/revisions\/25109"}],"wp:featuredmedia":[{"embeddable":true,"href":"https:\/\/www.portalalerta.com.br\/index.php\/wp-json\/wp\/v2\/media\/20386"}],"wp:attachment":[{"href":"https:\/\/www.portalalerta.com.br\/index.php\/wp-json\/wp\/v2\/media?parent=25108"}],"wp:term":[{"taxonomy":"category","embeddable":true,"href":"https:\/\/www.portalalerta.com.br\/index.php\/wp-json\/wp\/v2\/categories?post=25108"},{"taxonomy":"post_tag","embeddable":true,"href":"https:\/\/www.portalalerta.com.br\/index.php\/wp-json\/wp\/v2\/tags?post=25108"}],"curies":[{"name":"wp","href":"https:\/\/api.w.org\/{rel}","templated":true}]}}