{"id":25145,"date":"2020-06-08T11:16:19","date_gmt":"2020-06-08T14:16:19","guid":{"rendered":"https:\/\/www.portalalerta.com.br\/?p=25145"},"modified":"2020-09-01T22:24:39","modified_gmt":"2020-09-02T01:24:39","slug":"saiba-como-esta-a-evolucao-do-covid-19-em-sitio-do-quinto-ba","status":"publish","type":"post","link":"https:\/\/www.portalalerta.com.br\/index.php\/2020\/06\/08\/saiba-como-esta-a-evolucao-do-covid-19-em-sitio-do-quinto-ba\/","title":{"rendered":"Saiba como est\u00e1 a evolu\u00e7\u00e3o do Covid-19 em S\u00edtio do Quinto-BA"},"content":{"rendered":"<p style=\"text-align: justify;\">O munic\u00edpio de S\u00edtio do Quinto-BA registrou o primeiro caso de Covid-19 (Coronav\u00edrus), no dia 02 de junho. <strong><a href=\"https:\/\/www.portalalerta.com.br\/index.php\/2020\/06\/02\/sitio-do-quinto-ba-registra-o-primeiro-caso-de-covid-19\/\">O an\u00fancio foi feito pelo prefeito da cidade, Jair Jesus, onde afirmou que a paciente \u00e9 uma mulher oriunda do estado de S\u00e3o Paulo.<\/a><\/strong><!--more--><\/p>\n<p style=\"text-align: justify;\">A quarta semana foi considerada o pior per\u00edodo desde o in\u00edcio da pandemia com 23 novos casos.<\/p>\n<h2 style=\"text-align: justify;\">Confira os gr\u00e1ficos:<\/h2>\n<figure id=\"attachment_29068\" aria-describedby=\"caption-attachment-29068\" style=\"width: 540px\" class=\"wp-caption aligncenter\"><img fetchpriority=\"high\" decoding=\"async\" class=\"wp-image-29068 size-full\" src=\"https:\/\/www.portalalerta.com.br\/wp-content\/uploads\/2020\/05\/gr\u00e1fico-covid19-em-S\u00edtio-do-Quinto-2020.10.jpg\" alt=\"\" width=\"540\" height=\"430\" srcset=\"https:\/\/www.portalalerta.com.br\/wp-content\/uploads\/2020\/05\/gr\u00e1fico-covid19-em-S\u00edtio-do-Quinto-2020.10.jpg 540w, https:\/\/www.portalalerta.com.br\/wp-content\/uploads\/2020\/05\/gr\u00e1fico-covid19-em-S\u00edtio-do-Quinto-2020.10-301x240.jpg 301w, https:\/\/www.portalalerta.com.br\/wp-content\/uploads\/2020\/05\/gr\u00e1fico-covid19-em-S\u00edtio-do-Quinto-2020.10-183x146.jpg 183w, https:\/\/www.portalalerta.com.br\/wp-content\/uploads\/2020\/05\/gr\u00e1fico-covid19-em-S\u00edtio-do-Quinto-2020.10-50x40.jpg 50w, https:\/\/www.portalalerta.com.br\/wp-content\/uploads\/2020\/05\/gr\u00e1fico-covid19-em-S\u00edtio-do-Quinto-2020.10-94x75.jpg 94w\" sizes=\"(max-width: 540px) 100vw, 540px\" \/><figcaption id=\"caption-attachment-29068\" class=\"wp-caption-text\">At\u00e9 o momento foram registrados 93 casos<\/figcaption><\/figure>\n<p>&nbsp;<\/p>\n<figure id=\"attachment_29069\" aria-describedby=\"caption-attachment-29069\" style=\"width: 540px\" class=\"wp-caption aligncenter\"><img decoding=\"async\" class=\"wp-image-29069 size-full\" src=\"https:\/\/www.portalalerta.com.br\/wp-content\/uploads\/2020\/05\/gr\u00e1fico-covid19-em-S\u00edtio-do-Quinto-2020.11.jpg\" alt=\"\" width=\"540\" height=\"430\" srcset=\"https:\/\/www.portalalerta.com.br\/wp-content\/uploads\/2020\/05\/gr\u00e1fico-covid19-em-S\u00edtio-do-Quinto-2020.11.jpg 540w, https:\/\/www.portalalerta.com.br\/wp-content\/uploads\/2020\/05\/gr\u00e1fico-covid19-em-S\u00edtio-do-Quinto-2020.11-301x240.jpg 301w, https:\/\/www.portalalerta.com.br\/wp-content\/uploads\/2020\/05\/gr\u00e1fico-covid19-em-S\u00edtio-do-Quinto-2020.11-183x146.jpg 183w, https:\/\/www.portalalerta.com.br\/wp-content\/uploads\/2020\/05\/gr\u00e1fico-covid19-em-S\u00edtio-do-Quinto-2020.11-50x40.jpg 50w, https:\/\/www.portalalerta.com.br\/wp-content\/uploads\/2020\/05\/gr\u00e1fico-covid19-em-S\u00edtio-do-Quinto-2020.11-94x75.jpg 94w\" sizes=\"(max-width: 540px) 100vw, 540px\" \/><figcaption id=\"caption-attachment-29069\" class=\"wp-caption-text\">At\u00e9 o momento foram registradas 83 curas, e 02 mortes<\/figcaption><\/figure>\n<h2>Quadro Epidemiol\u00f3gico de S\u00edtio do Quinto-BA:<\/h2>\n<p><strong>Infectados:<\/strong>\u00a093<\/p>\n<p><strong>Em tratamento:<\/strong>\u00a008<\/p>\n<p><strong>Curados:<\/strong>\u00a083<\/p>\n<p><strong>\u00d3bitos:<\/strong>\u00a002<\/p>\n<p><em>Reda\u00e7\u00e3o: Portal Alerta<\/em><\/p>\n<p><em><strong>#fiqueemcasa<\/strong><\/em><\/p>\n<p><em><strong>#usemascaras<\/strong><\/em><\/p>\n<p style=\"text-align: justify;\">\n","protected":false},"excerpt":{"rendered":"<p>O munic\u00edpio de S\u00edtio do Quinto-BA registrou o primeiro caso de Covid-19 (Coronav\u00edrus), no dia 02 de junho. O an\u00fancio foi feito pelo prefeito da cidade, Jair Jesus, onde afirmou que a paciente \u00e9 uma mulher oriunda do estado de S\u00e3o Paulo.<\/p>\n","protected":false},"author":2,"featured_media":24928,"comment_status":"open","ping_status":"open","sticky":false,"template":"","format":"standard","meta":{"om_disable_all_campaigns":false,"_monsterinsights_skip_tracking":false,"_monsterinsights_sitenote_active":false,"_monsterinsights_sitenote_note":"","_monsterinsights_sitenote_category":0,"footnotes":""},"categories":[69,32,19,7],"tags":[3429,3486,61,111],"class_list":["post-25145","post","type-post","status-publish","format-standard","has-post-thumbnail","hentry","category-noticias2","category-regiao","category-saude","category-sitio-do-quinto","tag-coronavirus","tag-covid-19","tag-saude","tag-sitio-do-quinto"],"aioseo_notices":[],"_links":{"self":[{"href":"https:\/\/www.portalalerta.com.br\/index.php\/wp-json\/wp\/v2\/posts\/25145","targetHints":{"allow":["GET"]}}],"collection":[{"href":"https:\/\/www.portalalerta.com.br\/index.php\/wp-json\/wp\/v2\/posts"}],"about":[{"href":"https:\/\/www.portalalerta.com.br\/index.php\/wp-json\/wp\/v2\/types\/post"}],"author":[{"embeddable":true,"href":"https:\/\/www.portalalerta.com.br\/index.php\/wp-json\/wp\/v2\/users\/2"}],"replies":[{"embeddable":true,"href":"https:\/\/www.portalalerta.com.br\/index.php\/wp-json\/wp\/v2\/comments?post=25145"}],"version-history":[{"count":20,"href":"https:\/\/www.portalalerta.com.br\/index.php\/wp-json\/wp\/v2\/posts\/25145\/revisions"}],"predecessor-version":[{"id":29088,"href":"https:\/\/www.portalalerta.com.br\/index.php\/wp-json\/wp\/v2\/posts\/25145\/revisions\/29088"}],"wp:featuredmedia":[{"embeddable":true,"href":"https:\/\/www.portalalerta.com.br\/index.php\/wp-json\/wp\/v2\/media\/24928"}],"wp:attachment":[{"href":"https:\/\/www.portalalerta.com.br\/index.php\/wp-json\/wp\/v2\/media?parent=25145"}],"wp:term":[{"taxonomy":"category","embeddable":true,"href":"https:\/\/www.portalalerta.com.br\/index.php\/wp-json\/wp\/v2\/categories?post=25145"},{"taxonomy":"post_tag","embeddable":true,"href":"https:\/\/www.portalalerta.com.br\/index.php\/wp-json\/wp\/v2\/tags?post=25145"}],"curies":[{"name":"wp","href":"https:\/\/api.w.org\/{rel}","templated":true}]}}