{"id":25149,"date":"2020-06-08T12:18:10","date_gmt":"2020-06-08T15:18:10","guid":{"rendered":"https:\/\/www.portalalerta.com.br\/?p=25149"},"modified":"2020-06-08T12:18:10","modified_gmt":"2020-06-08T15:18:10","slug":"ultima-semana-foi-marcada-pelo-maior-numero-de-curados-de-coronavirus-na-regiao","status":"publish","type":"post","link":"https:\/\/www.portalalerta.com.br\/index.php\/2020\/06\/08\/ultima-semana-foi-marcada-pelo-maior-numero-de-curados-de-coronavirus-na-regiao\/","title":{"rendered":"\u00daltima semana foi marcada pelo maior n\u00famero de curados de Coronav\u00edrus, na regi\u00e3o"},"content":{"rendered":"<p style=\"text-align: justify;\">Desde o dia 24 de mar\u00e7o, data em que foi confirmada a primeira infec\u00e7\u00e3o por Covid-19 na regi\u00e3o, registro feito no munic\u00edpio de Nova Soure-BA, 19 cidades, das 21 levantadas pelo PORTAL ALERTA j\u00e1 registraram casos da doen\u00e7a.<!--more--><\/p>\n<p style=\"text-align: justify;\">At\u00e9 o \u00faltimo s\u00e1bado, 06, 153 pessoas j\u00e1 haviam sido infectadas, sendo 68 curadas, e 06 mortas. Desta forma, o \u00edndice de cura chega a 42%, 10% a mais que na semana passada, e de mortos a 4%, permanecendo no mesmo \u00edndice.<\/p>\n<p style=\"text-align: justify;\">Os munic\u00edpios com maiores n\u00fameros de infectados s\u00e3o: Itapicuru (34), Araci (31), e Ribeira do Pombal(24). J\u00e1 os que n\u00e3o tiveram nenhum registro, s\u00e3o: Heli\u00f3polis e Quijingue.<\/p>\n<p style=\"text-align: justify;\"><img fetchpriority=\"high\" decoding=\"async\" class=\"size-thumbnail wp-image-4869 aligncenter\" src=\"https:\/\/www.portalalerta.com.br\/wp-content\/uploads\/2018\/02\/Auto-Escola-Nobre-720x181.jpg\" alt=\"\" width=\"720\" height=\"181\" srcset=\"https:\/\/www.portalalerta.com.br\/wp-content\/uploads\/2018\/02\/Auto-Escola-Nobre.jpg 720w, https:\/\/www.portalalerta.com.br\/wp-content\/uploads\/2018\/02\/Auto-Escola-Nobre-260x65.jpg 260w, https:\/\/www.portalalerta.com.br\/wp-content\/uploads\/2018\/02\/Auto-Escola-Nobre-50x13.jpg 50w, https:\/\/www.portalalerta.com.br\/wp-content\/uploads\/2018\/02\/Auto-Escola-Nobre-150x38.jpg 150w\" sizes=\"(max-width: 720px) 100vw, 720px\" \/>Os per\u00edodos mais cr\u00edticos foram justamente as duas \u00faltimas semanas, com 41 novos infectados\/ cada. Por\u00e9m a boa not\u00edcia \u00e9 que, na \u00faltima semana foi registrado o maior n\u00famero de curados, pois dos 69 curados desde o in\u00edcio da pandemia na regi\u00e3o, 30 (43%), foram curados entre os dias 31 de maio e 06 de junho.<\/p>\n<p style=\"text-align: justify;\"><strong>Confira os gr\u00e1ficos:<\/strong><\/p>\n<p style=\"text-align: justify;\">\n<figure id=\"attachment_25150\" aria-describedby=\"caption-attachment-25150\" style=\"width: 530px\" class=\"wp-caption aligncenter\"><img decoding=\"async\" class=\"wp-image-25150 size-full\" src=\"https:\/\/www.portalalerta.com.br\/wp-content\/uploads\/2020\/06\/gr\u00e1fico-Coronav\u00edrus-na-regi\u00e3o-2020.3.jpg\" alt=\"\" width=\"530\" height=\"330\" srcset=\"https:\/\/www.portalalerta.com.br\/wp-content\/uploads\/2020\/06\/gr\u00e1fico-Coronav\u00edrus-na-regi\u00e3o-2020.3.jpg 530w, https:\/\/www.portalalerta.com.br\/wp-content\/uploads\/2020\/06\/gr\u00e1fico-Coronav\u00edrus-na-regi\u00e3o-2020.3-385x240.jpg 385w, https:\/\/www.portalalerta.com.br\/wp-content\/uploads\/2020\/06\/gr\u00e1fico-Coronav\u00edrus-na-regi\u00e3o-2020.3-234x146.jpg 234w, https:\/\/www.portalalerta.com.br\/wp-content\/uploads\/2020\/06\/gr\u00e1fico-Coronav\u00edrus-na-regi\u00e3o-2020.3-50x31.jpg 50w, https:\/\/www.portalalerta.com.br\/wp-content\/uploads\/2020\/06\/gr\u00e1fico-Coronav\u00edrus-na-regi\u00e3o-2020.3-120x75.jpg 120w\" sizes=\"(max-width: 530px) 100vw, 530px\" \/><figcaption id=\"caption-attachment-25150\" class=\"wp-caption-text\">153 pessoas foram infectadas em 19 cidades da regi\u00e3o<\/dd>\n<dd class=\"wp-caption-dd\"><\/figcaption><\/figure>\n<figure id=\"attachment_25152\" aria-describedby=\"caption-attachment-25152\" style=\"width: 530px\" class=\"wp-caption aligncenter\"><img decoding=\"async\" class=\"wp-image-25152 size-full\" src=\"https:\/\/www.portalalerta.com.br\/wp-content\/uploads\/2020\/06\/gr\u00e1fico-Coronav\u00edrus-na-regi\u00e3o-2020.5.jpg\" alt=\"\" width=\"530\" height=\"330\" \/><figcaption id=\"caption-attachment-25152\" class=\"wp-caption-text\">68 pessoas foram curadas e 06 morreram<\/figcaption><\/figure>\n<p style=\"text-align: justify;\">\n<p style=\"text-align: justify;\"><strong>Confira a evolu\u00e7\u00e3o da Covid-19 em sua cidade:<\/strong><\/p>\n<p style=\"text-align: justify;\"><a href=\"https:\/\/www.portalalerta.com.br\/index.php\/2020\/05\/25\/saiba-como-esta-a-evolucao-do-covid-19-em-adustina-ba\/\"><strong>Adustina<\/strong><\/a><\/p>\n<p style=\"text-align: justify;\"><a href=\"https:\/\/www.portalalerta.com.br\/index.php\/2020\/05\/31\/saiba-como-esta-a-evolucao-do-covid-19-em-antas-ba\/\"><strong>Antas<\/strong><\/a><\/p>\n<p style=\"text-align: justify;\"><a href=\"https:\/\/www.portalalerta.com.br\/index.php\/2020\/05\/26\/saiba-como-esta-a-evolucao-do-covid-19-em-araci-ba\/\"><strong>Araci<\/strong><\/a><\/p>\n<p><a href=\"https:\/\/www.portalalerta.com.br\/index.php\/2020\/05\/27\/saiba-como-esta-a-evolucao-do-covid-19-em-banzae-ba\/\"><strong>Banza\u00ea<\/strong><\/a><\/p>\n<p style=\"text-align: justify;\"><a href=\"https:\/\/www.portalalerta.com.br\/index.php\/2020\/05\/25\/saiba-como-esta-a-evolucao-do-covid-19-em-cicero-dantas-ba\/\"><strong>C\u00edcero Dantas<\/strong><\/a><\/p>\n<p style=\"text-align: justify;\"><a href=\"https:\/\/www.portalalerta.com.br\/index.php\/2020\/05\/29\/saiba-como-esta-a-evolucao-do-covid-19-em-cipo-ba\/\"><strong>Cip\u00f3<\/strong><\/a><\/p>\n<p style=\"text-align: justify;\"><a href=\"https:\/\/www.portalalerta.com.br\/index.php\/2020\/05\/27\/saiba-como-esta-a-evolucao-do-covid-19-em-crisopolis-ba\/\"><strong>Cris\u00f3polis<\/strong><\/a><\/p>\n<p style=\"text-align: justify;\"><a href=\"https:\/\/www.portalalerta.com.br\/index.php\/2020\/05\/27\/saiba-como-esta-a-evolucao-do-covid-19-em-euclides-da-cunha-ba\/\"><strong>Euclides da Cunha<\/strong><\/a><\/p>\n<p style=\"text-align: justify;\"><a href=\"https:\/\/www.portalalerta.com.br\/index.php\/2020\/05\/31\/saiba-como-esta-a-evolucao-do-covid-19-em-fatima-ba\/\"><strong>F\u00e1tima<\/strong><\/a><\/p>\n<p style=\"text-align: justify;\"><strong>Heli\u00f3polis (N\u00e3o h\u00e1 registros de casos)<\/strong><\/p>\n<p style=\"text-align: justify;\"><a href=\"https:\/\/www.portalalerta.com.br\/index.php\/2020\/05\/25\/saiba-como-esta-a-evolucao-do-covid-19-em-itapicuru-ba\/\"><strong>Itapicuru<\/strong><\/a><\/p>\n<p style=\"text-align: justify;\"><a href=\"https:\/\/www.portalalerta.com.br\/index.php\/2020\/05\/30\/saiba-como-esta-a-evolucao-do-covid-19-em-jeremoabo-ba\/\"><strong>Jeremoabo<\/strong><\/a><\/p>\n<p style=\"text-align: justify;\"><a href=\"https:\/\/www.portalalerta.com.br\/index.php\/2020\/05\/30\/saiba-como-esta-a-evolucao-do-covid-19-em-nova-soure-ba\/\"><strong>Nova Soure<\/strong><\/a><\/p>\n<p style=\"text-align: justify;\"><a href=\"https:\/\/www.portalalerta.com.br\/index.php\/2020\/05\/30\/saiba-como-esta-a-evolucao-do-covid-19-em-novo-triunfo-ba\/\"><strong>Novo Triunfo<\/strong><\/a><\/p>\n<p style=\"text-align: justify;\"><a href=\"https:\/\/www.portalalerta.com.br\/index.php\/2020\/05\/30\/saiba-como-esta-a-evolucao-do-covid-19-em-olindina-ba\/\"><strong>Olindina<\/strong><\/a><\/p>\n<p style=\"text-align: justify;\"><a href=\"https:\/\/www.portalalerta.com.br\/index.php\/2020\/05\/26\/saiba-como-esta-a-evolucao-do-covid-19-em-paripiranga-ba\/\"><strong>Paripiranga<\/strong><\/a><\/p>\n<p style=\"text-align: justify;\"><strong>Quijingue (N\u00e3o h\u00e1 registros de casos)<\/strong><\/p>\n<p style=\"text-align: justify;\"><a href=\"https:\/\/www.portalalerta.com.br\/index.php\/2020\/05\/29\/saiba-como-esta-a-evolucao-do-covid-19-em-ribeira-do-amparo-ba\/\"><strong>Ribeira do Amparo<\/strong><\/a><\/p>\n<p style=\"text-align: justify;\"><a href=\"https:\/\/www.portalalerta.com.br\/index.php\/2020\/05\/26\/saiba-como-esta-a-evolucao-do-covid-19-em-ribeira-do-pombal-ba\/\"><strong>Ribeira do Pombal<\/strong><\/a><\/p>\n<p style=\"text-align: justify;\"><a href=\"https:\/\/www.portalalerta.com.br\/index.php\/2020\/06\/08\/saiba-como-esta-a-evolucao-do-covid-19-em-sitio-do-quinto-ba\/\"><strong>S\u00edtio do Quinto\u00a0<\/strong><\/a><\/p>\n<p style=\"text-align: justify;\"><a href=\"https:\/\/www.portalalerta.com.br\/index.php\/2020\/05\/27\/saiba-como-esta-a-evolucao-do-covid-19-em-tucano-ba\/\"><strong>Tucano<\/strong><\/a><\/p>\n<p style=\"text-align: justify;\"><em>Reda\u00e7\u00e3o: Portal Alerta<\/em><\/p>\n<p style=\"text-align: justify;\"><strong><em>#fiqueemcasa<\/em><\/strong><\/p>\n<p style=\"text-align: justify;\">\n","protected":false},"excerpt":{"rendered":"<p>Desde o dia 24 de mar\u00e7o, data em que foi confirmada a primeira infec\u00e7\u00e3o por Covid-19 na regi\u00e3o, registro feito no munic\u00edpio de Nova Soure-BA, 19 cidades, das 21 levantadas pelo PORTAL ALERTA j\u00e1 registraram casos da doen\u00e7a.<\/p>\n","protected":false},"author":2,"featured_media":21912,"comment_status":"open","ping_status":"open","sticky":false,"template":"","format":"standard","meta":{"om_disable_all_campaigns":false,"_monsterinsights_skip_tracking":false,"_monsterinsights_sitenote_active":false,"_monsterinsights_sitenote_note":"","_monsterinsights_sitenote_category":0,"footnotes":""},"categories":[40,5,41,39,4,13,42,70,17,10,6,18,9,69,14,8,15,11,43,32,16,3,19,7,12],"tags":[100,71,48,49,75,45,3429,3486,46,129,107,44,132,230,106,203,120,51,109,88,47,61,111,190],"class_list":["post-25149","post","type-post","status-publish","format-standard","has-post-thumbnail","hentry","category-adustina","category-antas","category-araci","category-banzae","category-cicero-dantas","category-cipo","category-crisopolis","category-destaques","category-euclides-da-cunha","category-fatima","category-heliopolis","category-itapicuru","category-jeremoabo","category-noticias2","category-nova-soure","category-novo-triunfo","category-olindina","category-paripiranga","category-quijingue","category-regiao","category-ribeira-do-amparo","category-ribeira-do-pombal","category-saude","category-sitio-do-quinto","category-tucano","tag-adustina","tag-antas","tag-araci","tag-banzae","tag-cicero-dantas","tag-cipo","tag-coronavirus","tag-covid-19","tag-crisopolis","tag-euclides-da-cunha","tag-fatima","tag-heliopolis","tag-itapicuru","tag-jeremoabo","tag-nova-soure","tag-novo-triunfo","tag-olindina","tag-paripiranga","tag-quijingue","tag-ribeira-do-amparo","tag-ribeira-do-pombal","tag-saude","tag-sitio-do-quinto","tag-tucano"],"aioseo_notices":[],"_links":{"self":[{"href":"https:\/\/www.portalalerta.com.br\/index.php\/wp-json\/wp\/v2\/posts\/25149","targetHints":{"allow":["GET"]}}],"collection":[{"href":"https:\/\/www.portalalerta.com.br\/index.php\/wp-json\/wp\/v2\/posts"}],"about":[{"href":"https:\/\/www.portalalerta.com.br\/index.php\/wp-json\/wp\/v2\/types\/post"}],"author":[{"embeddable":true,"href":"https:\/\/www.portalalerta.com.br\/index.php\/wp-json\/wp\/v2\/users\/2"}],"replies":[{"embeddable":true,"href":"https:\/\/www.portalalerta.com.br\/index.php\/wp-json\/wp\/v2\/comments?post=25149"}],"version-history":[{"count":1,"href":"https:\/\/www.portalalerta.com.br\/index.php\/wp-json\/wp\/v2\/posts\/25149\/revisions"}],"predecessor-version":[{"id":25153,"href":"https:\/\/www.portalalerta.com.br\/index.php\/wp-json\/wp\/v2\/posts\/25149\/revisions\/25153"}],"wp:featuredmedia":[{"embeddable":true,"href":"https:\/\/www.portalalerta.com.br\/index.php\/wp-json\/wp\/v2\/media\/21912"}],"wp:attachment":[{"href":"https:\/\/www.portalalerta.com.br\/index.php\/wp-json\/wp\/v2\/media?parent=25149"}],"wp:term":[{"taxonomy":"category","embeddable":true,"href":"https:\/\/www.portalalerta.com.br\/index.php\/wp-json\/wp\/v2\/categories?post=25149"},{"taxonomy":"post_tag","embeddable":true,"href":"https:\/\/www.portalalerta.com.br\/index.php\/wp-json\/wp\/v2\/tags?post=25149"}],"curies":[{"name":"wp","href":"https:\/\/api.w.org\/{rel}","templated":true}]}}