{"id":25159,"date":"2020-06-08T16:26:30","date_gmt":"2020-06-08T19:26:30","guid":{"rendered":"https:\/\/www.portalalerta.com.br\/?p=25159"},"modified":"2020-06-08T16:26:30","modified_gmt":"2020-06-08T19:26:30","slug":"mandetta-diz-que-e-uma-tragedia-nao-divulgar-total-de-mortos-pela-covid-19","status":"publish","type":"post","link":"https:\/\/www.portalalerta.com.br\/index.php\/2020\/06\/08\/mandetta-diz-que-e-uma-tragedia-nao-divulgar-total-de-mortos-pela-covid-19\/","title":{"rendered":"Mandetta diz que &#8216;\u00e9 uma trag\u00e9dia&#8217; n\u00e3o divulgar total de mortos pela Covid-19"},"content":{"rendered":"<p style=\"text-align: justify;\">O ex-ministro da Sa\u00fade Luiz Henrique Mandetta afirmou no \u00faltimo s\u00e1bado (6) que a decis\u00e3o do Minist\u00e9rio da Sa\u00fade de n\u00e3o mais divulgar o total do n\u00famero de casos e de morte pela Covid-19 \u201c\u00e9 uma trag\u00e9dia\u201d.<!--more--><\/p>\n<p style=\"text-align: justify;\">\u201cN\u00e3o informar corretamente significa que o estado pode ser mais nocivo do que a doen\u00e7a\u201d, afirma ele.<\/p>\n<p style=\"text-align: justify;\">Mandetta participa neste s\u00e1bado (6) de uma live com o ministro Gilmar Mendes, do STF (Supremo Tribunal Federal), organizada pelo IDP (Instituto Brasiliense de Direito P\u00fablico).<\/p>\n<p style=\"text-align: justify;\">Para ele, quando os n\u00fameros de epidemias come\u00e7am a explodir, \u201c\u00e9 quase que uma atra\u00e7\u00e3o fatal do indiv\u00edduo falar: \u2018e se a gente mudasse os n\u00fameros, maquiasse os n\u00fameros?\u2019\u201d<\/p>\n<p style=\"text-align: justify;\"><img fetchpriority=\"high\" decoding=\"async\" class=\"size-thumbnail wp-image-25012 aligncenter\" src=\"https:\/\/www.portalalerta.com.br\/wp-content\/uploads\/2020\/06\/real-acordo.1-720x92.jpg\" alt=\"\" width=\"720\" height=\"92\" \/>No caso da crise do novo coronav\u00edrus, esconder dados da popula\u00e7\u00e3o \u201cseria mais do que isso. Seria uma pl\u00e1stica transformadora. Me parece que o que est\u00e3o querendo fazer \u00e9 uma grande cirurgia nos n\u00fameros\u201d.<\/p>\n<p style=\"text-align: justify;\">O combate a uma doen\u00e7a como a Covid-19, que n\u00e3o tem cura nem vacina, dependeria hoje exclusivamente do comportamento social das pessoas \u2013 e, para se proteger, elas teriam que estar bem informadas, diz o ex-ministro.<\/p>\n<p style=\"text-align: justify;\">Mandetta afirma ainda que, quando saiu do governo, chegou a pensar que o fato poderia levar o presidente Jair Bolsonaro a refletir, j\u00e1 que ele se opunha frontalmente ao ex-ministro.<\/p>\n<p style=\"text-align: justify;\">\u201cEntrou o Nelson Teich, que \u00e9 m\u00e9dico, e foi a mesma coisa. Quer dizer, n\u00e3o era uma coisa [problema] comigo. Era uma coisa de n\u00e3o querer nenhuma tomada de decis\u00f5es que n\u00e3o fossem decis\u00f5es pol\u00edticas\u201d, afirma.<\/p>\n<p style=\"text-align: justify;\">Depois da sa\u00edda de Teich, os militares tomaram de vez o minist\u00e9rio. O general Eduardo Pazuello foi oficializado como titular da pasta.<\/p>\n<p style=\"text-align: justify;\">Mandetta diz que, \u201ctalvez nomeando algu\u00e9m que n\u00e3o tem muito compromisso com o setor de sa\u00fade\u201d, mas sim com uma cultura militar, de lealdade e de cumprimento de miss\u00e3o, ficaria mais f\u00e1cil \u201cmanipular e torcer os n\u00fameros\u201d.<\/p>\n<p style=\"text-align: justify;\">Segundo ele, a atitude seria de lealdade, mas uma \u201clealdade burra e genocida\u201d.<\/p>\n<p style=\"text-align: justify;\">\u201cTalvez seja isso o que a gente v\u00e1 presenciar: uma grande noite da ci\u00eancia\u201d, disse ele.<\/p>\n<p style=\"text-align: justify;\"><em>Fonte: Canabrava FM<\/em><\/p>\n<p style=\"text-align: justify;\"><em>Com informa\u00e7\u00f5es: Agencia Brasil<\/em><\/p>\n","protected":false},"excerpt":{"rendered":"<p>O ex-ministro da Sa\u00fade Luiz Henrique Mandetta afirmou no \u00faltimo s\u00e1bado (6) que a decis\u00e3o do Minist\u00e9rio da Sa\u00fade de n\u00e3o mais divulgar o total do n\u00famero de casos e de morte pela Covid-19 \u201c\u00e9 uma trag\u00e9dia\u201d.<\/p>\n","protected":false},"author":2,"featured_media":22766,"comment_status":"open","ping_status":"open","sticky":false,"template":"","format":"standard","meta":{"om_disable_all_campaigns":false,"_monsterinsights_skip_tracking":false,"_monsterinsights_sitenote_active":false,"_monsterinsights_sitenote_note":"","_monsterinsights_sitenote_category":0,"footnotes":""},"categories":[34,70,69,21,19],"tags":[93,3429,3486,541,1884,61],"class_list":["post-25159","post","type-post","status-publish","format-standard","has-post-thumbnail","hentry","category-brasil","category-destaques","category-noticias2","category-politica","category-saude","tag-brasil","tag-coronavirus","tag-covid-19","tag-ex-ministro","tag-luiz-henrique-mandetta","tag-saude"],"aioseo_notices":[],"_links":{"self":[{"href":"https:\/\/www.portalalerta.com.br\/index.php\/wp-json\/wp\/v2\/posts\/25159","targetHints":{"allow":["GET"]}}],"collection":[{"href":"https:\/\/www.portalalerta.com.br\/index.php\/wp-json\/wp\/v2\/posts"}],"about":[{"href":"https:\/\/www.portalalerta.com.br\/index.php\/wp-json\/wp\/v2\/types\/post"}],"author":[{"embeddable":true,"href":"https:\/\/www.portalalerta.com.br\/index.php\/wp-json\/wp\/v2\/users\/2"}],"replies":[{"embeddable":true,"href":"https:\/\/www.portalalerta.com.br\/index.php\/wp-json\/wp\/v2\/comments?post=25159"}],"version-history":[{"count":1,"href":"https:\/\/www.portalalerta.com.br\/index.php\/wp-json\/wp\/v2\/posts\/25159\/revisions"}],"predecessor-version":[{"id":25160,"href":"https:\/\/www.portalalerta.com.br\/index.php\/wp-json\/wp\/v2\/posts\/25159\/revisions\/25160"}],"wp:featuredmedia":[{"embeddable":true,"href":"https:\/\/www.portalalerta.com.br\/index.php\/wp-json\/wp\/v2\/media\/22766"}],"wp:attachment":[{"href":"https:\/\/www.portalalerta.com.br\/index.php\/wp-json\/wp\/v2\/media?parent=25159"}],"wp:term":[{"taxonomy":"category","embeddable":true,"href":"https:\/\/www.portalalerta.com.br\/index.php\/wp-json\/wp\/v2\/categories?post=25159"},{"taxonomy":"post_tag","embeddable":true,"href":"https:\/\/www.portalalerta.com.br\/index.php\/wp-json\/wp\/v2\/tags?post=25159"}],"curies":[{"name":"wp","href":"https:\/\/api.w.org\/{rel}","templated":true}]}}