{"id":25387,"date":"2020-06-13T22:47:13","date_gmt":"2020-06-14T01:47:13","guid":{"rendered":"https:\/\/www.portalalerta.com.br\/?p=25387"},"modified":"2020-06-13T22:47:13","modified_gmt":"2020-06-14T01:47:13","slug":"tucano-ba-registra-02-casos-de-coronavirus-sendo-01-obito-em-salvador-ba","status":"publish","type":"post","link":"https:\/\/www.portalalerta.com.br\/index.php\/2020\/06\/13\/tucano-ba-registra-02-casos-de-coronavirus-sendo-01-obito-em-salvador-ba\/","title":{"rendered":"Tucano-BA registra 02 casos de Coronav\u00edrus, sendo 01 \u00f3bito em Salvador-BA"},"content":{"rendered":"<p style=\"text-align: justify;\">Nesta sexta-feira (12), a Prefeitura de Tucano-BA confirmou que um homem de 32 anos, residente na sede, foi confirmado com Covid-19. Ele \u00e9 profissional de seguran\u00e7a e apresentou sintomas leves ap\u00f3s manter contato com um infectado de outra cidade. O mesmo iniciou o isolamento domiciliar assim que o teste r\u00e1pido confirmou sua infec\u00e7\u00e3o por Covid-19. A Vigil\u00e2ncia Epidemiol\u00f3gica j\u00e1 est\u00e1 atuando no caso.<\/p>\n<p style=\"text-align: justify;\"><strong><img fetchpriority=\"high\" decoding=\"async\" class=\"size-thumbnail wp-image-9394 alignleft\" src=\"https:\/\/www.portalalerta.com.br\/wp-content\/uploads\/2018\/07\/05elab-320x240.jpg\" alt=\"\" width=\"320\" height=\"240\" srcset=\"https:\/\/www.portalalerta.com.br\/wp-content\/uploads\/2018\/07\/05elab-320x240.jpg 320w, https:\/\/www.portalalerta.com.br\/wp-content\/uploads\/2018\/07\/05elab-195x146.jpg 195w, https:\/\/www.portalalerta.com.br\/wp-content\/uploads\/2018\/07\/05elab-50x38.jpg 50w, https:\/\/www.portalalerta.com.br\/wp-content\/uploads\/2018\/07\/05elab-100x75.jpg 100w, https:\/\/www.portalalerta.com.br\/wp-content\/uploads\/2018\/07\/05elab.jpg 400w\" sizes=\"(max-width: 320px) 100vw, 320px\" \/>\u00d3bito de Tucanense em Salvador<\/strong><\/p>\n<p style=\"text-align: justify;\">Um tucanense faleceu no dia 30 de maio, em Salvador. Ele estava em tratamento de uma neoplasia (c\u00e2ncer) desde 2019, por isso estava na capital h\u00e1 3 meses, onde contraiu Covid 19. O Boletim di\u00e1rio divulgado pelo governo do Estado, constou neste s\u00e1bado, 13, o primeiro \u00f3bito em Tucano por conta do Covid-19.<\/p>\n<p style=\"text-align: justify;\"><a href=\"https:\/\/www.portalalerta.com.br\/index.php\/2020\/05\/27\/saiba-como-esta-a-evolucao-do-covid-19-em-tucano-ba\/\"><strong style=\"font-style: inherit;\">Clique aqui e saiba como est\u00e1 a evolu\u00e7\u00e3o do Covid-19 em Tucano-BA<\/strong><\/a><\/p>\n<p style=\"text-align: justify;\"><em style=\"font-weight: inherit;\">Fonte: A Voz do Campo <\/em><\/p>\n","protected":false},"excerpt":{"rendered":"<p>Nesta sexta-feira (12), a Prefeitura de Tucano-BA confirmou que um homem de 32 anos, residente na sede, foi confirmado com Covid-19. Ele \u00e9 profissional de seguran\u00e7a e apresentou sintomas leves ap\u00f3s manter contato com um infectado de outra cidade. O mesmo iniciou o isolamento domiciliar assim que o teste r\u00e1pido confirmou sua infec\u00e7\u00e3o por Covid-19. &hellip;<\/p>\n","protected":false},"author":2,"featured_media":13516,"comment_status":"open","ping_status":"open","sticky":false,"template":"","format":"standard","meta":{"om_disable_all_campaigns":false,"_monsterinsights_skip_tracking":false,"_monsterinsights_sitenote_active":false,"_monsterinsights_sitenote_note":"","_monsterinsights_sitenote_category":0,"footnotes":""},"categories":[70,69,32,19,12],"tags":[3429,3486,169,61,190],"class_list":["post-25387","post","type-post","status-publish","format-standard","has-post-thumbnail","hentry","category-destaques","category-noticias2","category-regiao","category-saude","category-tucano","tag-coronavirus","tag-covid-19","tag-morte","tag-saude","tag-tucano"],"aioseo_notices":[],"_links":{"self":[{"href":"https:\/\/www.portalalerta.com.br\/index.php\/wp-json\/wp\/v2\/posts\/25387","targetHints":{"allow":["GET"]}}],"collection":[{"href":"https:\/\/www.portalalerta.com.br\/index.php\/wp-json\/wp\/v2\/posts"}],"about":[{"href":"https:\/\/www.portalalerta.com.br\/index.php\/wp-json\/wp\/v2\/types\/post"}],"author":[{"embeddable":true,"href":"https:\/\/www.portalalerta.com.br\/index.php\/wp-json\/wp\/v2\/users\/2"}],"replies":[{"embeddable":true,"href":"https:\/\/www.portalalerta.com.br\/index.php\/wp-json\/wp\/v2\/comments?post=25387"}],"version-history":[{"count":1,"href":"https:\/\/www.portalalerta.com.br\/index.php\/wp-json\/wp\/v2\/posts\/25387\/revisions"}],"predecessor-version":[{"id":25389,"href":"https:\/\/www.portalalerta.com.br\/index.php\/wp-json\/wp\/v2\/posts\/25387\/revisions\/25389"}],"wp:featuredmedia":[{"embeddable":true,"href":"https:\/\/www.portalalerta.com.br\/index.php\/wp-json\/wp\/v2\/media\/13516"}],"wp:attachment":[{"href":"https:\/\/www.portalalerta.com.br\/index.php\/wp-json\/wp\/v2\/media?parent=25387"}],"wp:term":[{"taxonomy":"category","embeddable":true,"href":"https:\/\/www.portalalerta.com.br\/index.php\/wp-json\/wp\/v2\/categories?post=25387"},{"taxonomy":"post_tag","embeddable":true,"href":"https:\/\/www.portalalerta.com.br\/index.php\/wp-json\/wp\/v2\/tags?post=25387"}],"curies":[{"name":"wp","href":"https:\/\/api.w.org\/{rel}","templated":true}]}}