{"id":25426,"date":"2020-06-14T14:47:49","date_gmt":"2020-06-14T17:47:49","guid":{"rendered":"https:\/\/www.portalalerta.com.br\/?p=25426"},"modified":"2020-06-14T14:47:49","modified_gmt":"2020-06-14T17:47:49","slug":"militares-da-ativa-e-ministros-do-supremo-reprovam-nota-de-bolsonaro","status":"publish","type":"post","link":"https:\/\/www.portalalerta.com.br\/index.php\/2020\/06\/14\/militares-da-ativa-e-ministros-do-supremo-reprovam-nota-de-bolsonaro\/","title":{"rendered":"Militares da ativa e ministros do Supremo reprovam nota de Bolsonaro"},"content":{"rendered":"<p style=\"text-align: justify;\">A nota em que o presidente Jair Bolsonaro, o vice Hamilton Mour\u00e3o e o ministro Fernando Azevedo (Defesa) dizem que as For\u00e7as Armadas n\u00e3o cumprir\u00e3o &#8220;ordens absurdas&#8221; foi reprovada por setores da c\u00fapula militar e pelo seu alvo, os ministros do Supremo Tribunal Federal.<!--more--><\/p>\n<p style=\"text-align: justify;\">O texto foi elaborado na noite de sexta (12), ap\u00f3s o ministro Luiz Fux conceder uma decis\u00e3o provis\u00f3ria delimitando a interpreta\u00e7\u00e3o do artigo 142 da Constitui\u00e7\u00e3o, que regula o emprego dos militares.<\/p>\n<p style=\"text-align: justify;\">Na liminar, Fux respondia a um questionamento do PDT acerca da interpreta\u00e7\u00e3o corrente no bolsonarismo de que o artigo permitiria \u00e0s For\u00e7as Armadas intervir caso um Poder tentasse tolher o outro.<\/p>\n<p style=\"text-align: justify;\">A vis\u00e3o vem sendo ventilada pelo presidente, pelo vice e outros membros do governo. A nota de sexta dizia tamb\u00e9m que as For\u00e7as n\u00e3o tolerariam &#8220;julgamentos pol\u00edticos&#8221;, uma refer\u00eancia nem t\u00e3o velada \u00e0 a\u00e7\u00e3o de cassa\u00e7\u00e3o da chapa Bolsonaro-Mour\u00e3o que corre no Tribunal Superior Eleitoral.<\/p>\n<p style=\"text-align: justify;\"><img fetchpriority=\"high\" decoding=\"async\" class=\"aligncenter wp-image-4869 size-thumbnail\" src=\"https:\/\/www.portalalerta.com.br\/wp-content\/uploads\/2018\/02\/Auto-Escola-Nobre-720x181.jpg\" alt=\"\" width=\"720\" height=\"181\" srcset=\"https:\/\/www.portalalerta.com.br\/wp-content\/uploads\/2018\/02\/Auto-Escola-Nobre.jpg 720w, https:\/\/www.portalalerta.com.br\/wp-content\/uploads\/2018\/02\/Auto-Escola-Nobre-260x65.jpg 260w, https:\/\/www.portalalerta.com.br\/wp-content\/uploads\/2018\/02\/Auto-Escola-Nobre-50x13.jpg 50w, https:\/\/www.portalalerta.com.br\/wp-content\/uploads\/2018\/02\/Auto-Escola-Nobre-150x38.jpg 150w\" sizes=\"(max-width: 720px) 100vw, 720px\" \/>A reportagem conversou com oficiais-generais da ativa dos tr\u00eas ramos armados. Enquanto muitos consideram que o Judici\u00e1rio tem exagerado em suas decis\u00f5es, e todos ressaltem que os signat\u00e1rios da nota s\u00e3o seus superiores hier\u00e1rquicos, o tom foi reprovado.<\/p>\n<p style=\"text-align: justify;\">Para um almirante, a nota coloca as For\u00e7as Armadas como um poder moderador acima da lei. Ele disse que \u00e9 \u00f3bvio que os militares t\u00eam de responder a decis\u00f5es e que, se n\u00e3o concordarem, sempre caber\u00e1 recurso dentro da Constitui\u00e7\u00e3o.<\/p>\n<p style=\"text-align: justify;\">Em grupos de WhatsApp de oficiais, a cr\u00edtica mais comum era a de que as For\u00e7as foram colocadas como uma extens\u00e3o do bolsonarismo militante, que tem no confronto com Poderes uma de suas caracter\u00edsticas.<\/p>\n<p style=\"text-align: justify;\">J\u00e1 havia grande irrita\u00e7\u00e3o pela entrevista que o general Luiz Eduardo Ramos (Secretaria de Governo) havia concedido \u00e0 revista Veja, no qual ele falou em tom amea\u00e7ador contra a oposi\u00e7\u00e3o ao mesmo tempo em que se apresentava como representante das For\u00e7as.<\/p>\n<p style=\"text-align: justify;\">Ramos, j\u00e1 no centro de insatisfa\u00e7\u00f5es quando foi cogitado por Bolsonaro para substituir o comandante Edson Pujol, ao mesmo tempo cedeu a press\u00f5es e decidiu passar \u00e0 reserva -ir\u00e1 deixar o interino da Sa\u00fade, Eduardo Pazuello, como \u00faltimo general da ativa com cargo de primeiro escal\u00e3o.<\/p>\n<p style=\"text-align: justify;\">A nota coroou uma semana de ru\u00eddos entre a ativa e o governo Bolsonaro. A tentativa de maquiagem de dados da Covid-19 na Sa\u00fade, a frustrada portaria para dar direito ao uso de avi\u00f5es ao Ex\u00e9rcito e a revela\u00e7\u00e3o de neg\u00f3cio entre a For\u00e7a e uma empresa americana de armas favorecida pelo filho presidencial Eduardo Bolsonaro n\u00e3o foram bem digeridos.<\/p>\n<p style=\"text-align: justify;\">Ante todo esse clima, com efeito, Mour\u00e3o concedeu entrevista ao jornal Folha de S.Paulo na manh\u00e3 deste s\u00e1bado (13) e tentou modular a nota, dizendo que n\u00e3o h\u00e1 indisciplina poss\u00edvel entre os fardados da ativa.<\/p>\n<p style=\"text-align: justify;\">H\u00e1 relatos divergentes acerca de uma consulta do Planalto aos comandantes de For\u00e7as sobre o tom da nota. A reportagem questionou o general Azevedo sobre isso, mas ainda n\u00e3o obteve resposta.<\/p>\n<p style=\"text-align: justify;\">J\u00e1 entre ministros do Supremo, o tom variou de des\u00e2nimo a irrita\u00e7\u00e3o.<\/p>\n<p style=\"text-align: justify;\">O desapontamento veio do fato de que o Planalto havia dado sinais de uma tentativa de normaliza\u00e7\u00e3o na rela\u00e7\u00e3o com a corte, que est\u00e1 em processo de vota\u00e7\u00e3o que dever\u00e1 manter vivo o inqu\u00e9rito das fake news -que atinge o cora\u00e7\u00e3o do bolsonarismo.<\/p>\n<p style=\"text-align: justify;\">A principal sinaliza\u00e7\u00e3o foi dada acerca do ministro Abraham Weintraub (Educa\u00e7\u00e3o), que na reuni\u00e3o ministerial de 22 de abril disse que queria ver os integrantes do Supremo, a quem chamou de vagabundos, na cadeia.<\/p>\n<p style=\"text-align: justify;\">Nas \u00faltimas semanas, emiss\u00e1rios fizeram chegar a ministros da corte que o Planalto estaria disposto a rifar Weintraub como puni\u00e7\u00e3o pela fala. Em vez disso, o ministro envolveu-se em nova pol\u00eamica, com a rejeitada medida provis\u00f3ria que previa nomea\u00e7\u00e3o de reitores de universidades federais nesta semana.<\/p>\n<p style=\"text-align: justify;\">A esse empoderamento somou-se a nota de sexta. A liminar de Fux havia sido alvo de contesta\u00e7\u00f5es interna por parte de alguns ministros, que viram nela um certo tru\u00edsmo ao reafirmar o que j\u00e1 est\u00e1 na Constitui\u00e7\u00e3o e pela vacuidade do objeto: \u00e9 uma decis\u00e3o ret\u00f3rica, na pr\u00e1tica.<\/p>\n<p style=\"text-align: justify;\">Mas h\u00e1 simbolismos inescap\u00e1veis, e a\u00ed entra a contrariedade geral. Fux ser\u00e1 o pr\u00f3ximo presidente da corte, a tomar posse em setembro, e em momentos de crise entre Poderes os 11 integrantes do Supremo costumam agir em bloco.<\/p>\n<p style=\"text-align: justify;\">Assim, o ataque direto a Fux se tornou, por extens\u00e3o, mais uma afronta \u00e0 corte por parte de Bolsonaro, que j\u00e1 participa de modo contumaz de atos pedindo o fechamento do \u00f3rg\u00e3o m\u00e1ximo do Judici\u00e1rio e do Congresso.<\/p>\n<p style=\"text-align: justify;\">A assinatura conjunta com Mour\u00e3o foi vista como um recibo de ambos pelo fato de serem objeto da a\u00e7\u00e3o no TSE. J\u00e1 a presen\u00e7a de Azevedo refor\u00e7ou um sentimento que vem se consolidando na classe pol\u00edtica: Bolsonaro tem usado as For\u00e7as Armadas como escudo por extrema fragilidade.<\/p>\n<p style=\"text-align: justify;\">Assim, a banaliza\u00e7\u00e3o das amea\u00e7as, que assustam muitos devido ao passado intervencionista das For\u00e7as, tem sido vista pelo decrescente valor de face. Preocupa mais o Supremo a eventual perda de controle nas ruas, estimulada por Bolsonaro.<\/p>\n<p style=\"text-align: justify;\">Chocou especialmente a sugest\u00e3o do presidente para que hospitais sejam invadidos para provar a hip\u00f3tese de que governadores est\u00e3o inflando politicamente n\u00fameros da Covid-19.<\/p>\n<p style=\"text-align: justify;\">Situa\u00e7\u00f5es de viol\u00eancia implicam o uso das pol\u00edcias militares, consideradas muito pr\u00f3ximas do esp\u00edrito bolsonarista. O motim da PM do Cear\u00e1 no come\u00e7o do ano, apoiado veladamente pelo governo, \u00e9 um exemplo sempre lembrado.<\/p>\n<p style=\"text-align: justify;\">Seja como for, no Distrito Federal a pol\u00edcia acabou com o acampamento do 300 do Brasil neste s\u00e1bado sem incidentes. O grupo pr\u00f3-Bolsonaro prega viol\u00eancia e fechamento de Poderes, e n\u00e3o houve a temida ades\u00e3o de policiais a ele.<\/p>\n<p style=\"text-align: justify;\">As consultas que come\u00e7aram na noite de sexta prosseguem neste s\u00e1bado no mundo pol\u00edtico, dado que Bolsonaro conseguiu elevar ainda mais o patamar de suas provoca\u00e7\u00f5es institucionais, mas por ora o clima \u00e9 mais de observa\u00e7\u00e3o de cen\u00e1rio do que de rea\u00e7\u00f5es exacerbadas.<\/p>\n<p style=\"text-align: justify;\"><em>Fonte: Yahoo Not\u00edcias<\/em><\/p>\n","protected":false},"excerpt":{"rendered":"<p>A nota em que o presidente Jair Bolsonaro, o vice Hamilton Mour\u00e3o e o ministro Fernando Azevedo (Defesa) dizem que as For\u00e7as Armadas n\u00e3o cumprir\u00e3o &#8220;ordens absurdas&#8221; foi reprovada por setores da c\u00fapula militar e pelo seu alvo, os ministros do Supremo Tribunal Federal.<\/p>\n","protected":false},"author":2,"featured_media":25016,"comment_status":"open","ping_status":"open","sticky":false,"template":"","format":"standard","meta":{"om_disable_all_campaigns":false,"_monsterinsights_skip_tracking":false,"_monsterinsights_sitenote_active":false,"_monsterinsights_sitenote_note":"","_monsterinsights_sitenote_category":0,"footnotes":""},"categories":[34,70,69,21],"tags":[93,1395,1834,1152,216],"class_list":["post-25426","post","type-post","status-publish","format-standard","has-post-thumbnail","hentry","category-brasil","category-destaques","category-noticias2","category-politica","tag-brasil","tag-jair-bolsonaro","tag-militares","tag-presidente-da-republica","tag-stf"],"aioseo_notices":[],"_links":{"self":[{"href":"https:\/\/www.portalalerta.com.br\/index.php\/wp-json\/wp\/v2\/posts\/25426","targetHints":{"allow":["GET"]}}],"collection":[{"href":"https:\/\/www.portalalerta.com.br\/index.php\/wp-json\/wp\/v2\/posts"}],"about":[{"href":"https:\/\/www.portalalerta.com.br\/index.php\/wp-json\/wp\/v2\/types\/post"}],"author":[{"embeddable":true,"href":"https:\/\/www.portalalerta.com.br\/index.php\/wp-json\/wp\/v2\/users\/2"}],"replies":[{"embeddable":true,"href":"https:\/\/www.portalalerta.com.br\/index.php\/wp-json\/wp\/v2\/comments?post=25426"}],"version-history":[{"count":1,"href":"https:\/\/www.portalalerta.com.br\/index.php\/wp-json\/wp\/v2\/posts\/25426\/revisions"}],"predecessor-version":[{"id":25428,"href":"https:\/\/www.portalalerta.com.br\/index.php\/wp-json\/wp\/v2\/posts\/25426\/revisions\/25428"}],"wp:featuredmedia":[{"embeddable":true,"href":"https:\/\/www.portalalerta.com.br\/index.php\/wp-json\/wp\/v2\/media\/25016"}],"wp:attachment":[{"href":"https:\/\/www.portalalerta.com.br\/index.php\/wp-json\/wp\/v2\/media?parent=25426"}],"wp:term":[{"taxonomy":"category","embeddable":true,"href":"https:\/\/www.portalalerta.com.br\/index.php\/wp-json\/wp\/v2\/categories?post=25426"},{"taxonomy":"post_tag","embeddable":true,"href":"https:\/\/www.portalalerta.com.br\/index.php\/wp-json\/wp\/v2\/tags?post=25426"}],"curies":[{"name":"wp","href":"https:\/\/api.w.org\/{rel}","templated":true}]}}