{"id":25429,"date":"2020-06-14T14:51:44","date_gmt":"2020-06-14T17:51:44","guid":{"rendered":"https:\/\/www.portalalerta.com.br\/?p=25429"},"modified":"2020-06-14T14:51:44","modified_gmt":"2020-06-14T17:51:44","slug":"ribeira-do-pombal-ba-divulga-mais-duas-curas-da-covid-19-apenas-cinco-permanecem-infectados","status":"publish","type":"post","link":"https:\/\/www.portalalerta.com.br\/index.php\/2020\/06\/14\/ribeira-do-pombal-ba-divulga-mais-duas-curas-da-covid-19-apenas-cinco-permanecem-infectados\/","title":{"rendered":"Ribeira do Pombal-BA divulga mais duas curas da Covid-19. Apenas cinco permanecem infectados!"},"content":{"rendered":"<p style=\"text-align: justify;\">O \u00faltimo Boletim Epidemiol\u00f3gico, divulgado pela Secretaria Municipal de Sa\u00fade de Ribeira do Pombal-BA, anunciou mais duas novas curas da Covid-19 (Coronav\u00edrus).<!--more--><\/p>\n<p style=\"text-align: justify;\">Assim como nos casos anteriores, as identidades dos pacientes foram mantidas em sigilo, por\u00e9m al\u00e9m das curas, foi divulgado a alta de uma das pessoas que estava internada no Pronto Atendimento ao Covid-19 da cidade.<\/p>\n<p style=\"text-align: justify;\"><img fetchpriority=\"high\" decoding=\"async\" class=\"size-thumbnail wp-image-25012 aligncenter\" src=\"https:\/\/www.portalalerta.com.br\/wp-content\/uploads\/2020\/06\/real-acordo.1-720x92.jpg\" alt=\"\" width=\"720\" height=\"92\" \/>Desta forma, dos 30 infectados, apenas cinco (17%) permanecem em tratamento, vinte e quatro (80%) j\u00e1 foram curados, e um paciente morreu (3%).<\/p>\n<p style=\"text-align: justify;\"><a href=\"https:\/\/www.portalalerta.com.br\/index.php\/2020\/05\/26\/saiba-como-esta-a-evolucao-do-covid-19-em-ribeira-do-pombal-ba\/\"><strong style=\"font-style: inherit;\">Clique aqui e saiba como est\u00e1 a evolu\u00e7\u00e3o do Covid-19 em Ribeira do Pombal-BA<\/strong><\/a><\/p>\n<p style=\"text-align: justify;\"><em style=\"font-weight: inherit;\">Reda\u00e7\u00e3o: Portal Alerta<\/em><\/p>\n<p style=\"text-align: justify;\"><strong style=\"font-style: inherit;\"><em>#fiqueemcasa\u00a0\u00a0\u00a0\u00a0<\/em><\/strong><\/p>\n<p style=\"text-align: justify;\"><strong style=\"font-style: inherit;\"><em>#usemascaras<\/em><\/strong><\/p>\n","protected":false},"excerpt":{"rendered":"<p>O \u00faltimo Boletim Epidemiol\u00f3gico, divulgado pela Secretaria Municipal de Sa\u00fade de Ribeira do Pombal-BA, anunciou mais duas novas curas da Covid-19 (Coronav\u00edrus).<\/p>\n","protected":false},"author":2,"featured_media":24456,"comment_status":"open","ping_status":"open","sticky":false,"template":"","format":"standard","meta":{"om_disable_all_campaigns":false,"_monsterinsights_skip_tracking":false,"_monsterinsights_sitenote_active":false,"_monsterinsights_sitenote_note":"","_monsterinsights_sitenote_category":0,"footnotes":""},"categories":[70,69,32,3,19],"tags":[3429,3486,3454,47,61],"class_list":["post-25429","post","type-post","status-publish","format-standard","has-post-thumbnail","hentry","category-destaques","category-noticias2","category-regiao","category-ribeira-do-pombal","category-saude","tag-coronavirus","tag-covid-19","tag-cura","tag-ribeira-do-pombal","tag-saude"],"aioseo_notices":[],"_links":{"self":[{"href":"https:\/\/www.portalalerta.com.br\/index.php\/wp-json\/wp\/v2\/posts\/25429","targetHints":{"allow":["GET"]}}],"collection":[{"href":"https:\/\/www.portalalerta.com.br\/index.php\/wp-json\/wp\/v2\/posts"}],"about":[{"href":"https:\/\/www.portalalerta.com.br\/index.php\/wp-json\/wp\/v2\/types\/post"}],"author":[{"embeddable":true,"href":"https:\/\/www.portalalerta.com.br\/index.php\/wp-json\/wp\/v2\/users\/2"}],"replies":[{"embeddable":true,"href":"https:\/\/www.portalalerta.com.br\/index.php\/wp-json\/wp\/v2\/comments?post=25429"}],"version-history":[{"count":1,"href":"https:\/\/www.portalalerta.com.br\/index.php\/wp-json\/wp\/v2\/posts\/25429\/revisions"}],"predecessor-version":[{"id":25430,"href":"https:\/\/www.portalalerta.com.br\/index.php\/wp-json\/wp\/v2\/posts\/25429\/revisions\/25430"}],"wp:featuredmedia":[{"embeddable":true,"href":"https:\/\/www.portalalerta.com.br\/index.php\/wp-json\/wp\/v2\/media\/24456"}],"wp:attachment":[{"href":"https:\/\/www.portalalerta.com.br\/index.php\/wp-json\/wp\/v2\/media?parent=25429"}],"wp:term":[{"taxonomy":"category","embeddable":true,"href":"https:\/\/www.portalalerta.com.br\/index.php\/wp-json\/wp\/v2\/categories?post=25429"},{"taxonomy":"post_tag","embeddable":true,"href":"https:\/\/www.portalalerta.com.br\/index.php\/wp-json\/wp\/v2\/tags?post=25429"}],"curies":[{"name":"wp","href":"https:\/\/api.w.org\/{rel}","templated":true}]}}