{"id":25440,"date":"2020-06-15T00:17:04","date_gmt":"2020-06-15T03:17:04","guid":{"rendered":"https:\/\/www.portalalerta.com.br\/?p=25440"},"modified":"2020-09-01T22:14:53","modified_gmt":"2020-09-02T01:14:53","slug":"saiba-como-esta-a-evolucao-do-covid-19-em-quijingue-ba","status":"publish","type":"post","link":"https:\/\/www.portalalerta.com.br\/index.php\/2020\/06\/15\/saiba-como-esta-a-evolucao-do-covid-19-em-quijingue-ba\/","title":{"rendered":"Saiba como est\u00e1 a evolu\u00e7\u00e3o do Covid-19 em Quijingue-BA"},"content":{"rendered":"<p style=\"text-align: justify;\">O munic\u00edpio de Quijingue-BA, registrou o primeiro caso de Covid-19 (Coronav\u00edrus), no dia 09 de junho de 2020. A paciente foi identificada como uma idosa de 79 anos de idade. A mesma foi regulada para ser transferida para a capital baiana.<!--more--><\/p>\n<p style=\"text-align: justify;\">A segunda semana\u00a0 foi considerada o pior per\u00edodo desde o in\u00edcio da pandemia, com 13 casos novos.<\/p>\n<h2 style=\"text-align: justify;\"><strong>Confira os gr\u00e1ficos:<\/strong><\/h2>\n<figure id=\"attachment_29062\" aria-describedby=\"caption-attachment-29062\" style=\"width: 540px\" class=\"wp-caption aligncenter\"><img fetchpriority=\"high\" decoding=\"async\" class=\"wp-image-29062 size-full\" src=\"https:\/\/www.portalalerta.com.br\/wp-content\/uploads\/2020\/05\/gr\u00e1fico-covid19-em-Quijingue-2020.2.jpg\" alt=\"\" width=\"540\" height=\"430\" srcset=\"https:\/\/www.portalalerta.com.br\/wp-content\/uploads\/2020\/05\/gr\u00e1fico-covid19-em-Quijingue-2020.2.jpg 540w, https:\/\/www.portalalerta.com.br\/wp-content\/uploads\/2020\/05\/gr\u00e1fico-covid19-em-Quijingue-2020.2-301x240.jpg 301w, https:\/\/www.portalalerta.com.br\/wp-content\/uploads\/2020\/05\/gr\u00e1fico-covid19-em-Quijingue-2020.2-183x146.jpg 183w, https:\/\/www.portalalerta.com.br\/wp-content\/uploads\/2020\/05\/gr\u00e1fico-covid19-em-Quijingue-2020.2-50x40.jpg 50w, https:\/\/www.portalalerta.com.br\/wp-content\/uploads\/2020\/05\/gr\u00e1fico-covid19-em-Quijingue-2020.2-94x75.jpg 94w\" sizes=\"(max-width: 540px) 100vw, 540px\" \/><figcaption id=\"caption-attachment-29062\" class=\"wp-caption-text\">At\u00e9 o momento foram registrados 35 casos no munic\u00edpio<\/figcaption><\/figure>\n<p>&nbsp;<\/p>\n<figure id=\"attachment_29063\" aria-describedby=\"caption-attachment-29063\" style=\"width: 540px\" class=\"wp-caption aligncenter\"><img decoding=\"async\" class=\"wp-image-29063 size-full\" src=\"https:\/\/www.portalalerta.com.br\/wp-content\/uploads\/2020\/05\/gr\u00e1fico-covid19-em-Quijingue-2020.3.jpg\" alt=\"\" width=\"540\" height=\"430\" srcset=\"https:\/\/www.portalalerta.com.br\/wp-content\/uploads\/2020\/05\/gr\u00e1fico-covid19-em-Quijingue-2020.3.jpg 540w, https:\/\/www.portalalerta.com.br\/wp-content\/uploads\/2020\/05\/gr\u00e1fico-covid19-em-Quijingue-2020.3-301x240.jpg 301w, https:\/\/www.portalalerta.com.br\/wp-content\/uploads\/2020\/05\/gr\u00e1fico-covid19-em-Quijingue-2020.3-183x146.jpg 183w, https:\/\/www.portalalerta.com.br\/wp-content\/uploads\/2020\/05\/gr\u00e1fico-covid19-em-Quijingue-2020.3-50x40.jpg 50w, https:\/\/www.portalalerta.com.br\/wp-content\/uploads\/2020\/05\/gr\u00e1fico-covid19-em-Quijingue-2020.3-94x75.jpg 94w\" sizes=\"(max-width: 540px) 100vw, 540px\" \/><figcaption id=\"caption-attachment-29063\" class=\"wp-caption-text\">29 pessoas j\u00e1 foram curadas, e 02 evolu\u00edram a \u00f3bito<\/figcaption><\/figure>\n<p style=\"text-align: justify;\"><strong>Quadro Epidemiol\u00f3gico de Quijingue-BA:<\/strong><\/p>\n<p style=\"text-align: justify;\"><strong>Infectados:<\/strong>\u00a035<\/p>\n<p style=\"text-align: justify;\"><strong>Em tratamento:<\/strong>\u00a004<\/p>\n<p style=\"text-align: justify;\"><strong>Curados:<\/strong>\u00a029<\/p>\n<p style=\"text-align: justify;\"><strong>\u00d3bitos:<\/strong>\u00a002<\/p>\n<p style=\"text-align: justify;\"><em>Reda\u00e7\u00e3o: Portal Alerta<\/em><\/p>\n<p style=\"text-align: justify;\"><strong><em>#fiqueemcasa<\/em><\/strong><\/p>\n<p style=\"text-align: justify;\"><strong><em>#usemascaras<\/em><\/strong><\/p>\n","protected":false},"excerpt":{"rendered":"<p>O munic\u00edpio de Quijingue-BA, registrou o primeiro caso de Covid-19 (Coronav\u00edrus), no dia 09 de junho de 2020. A paciente foi identificada como uma idosa de 79 anos de idade. A mesma foi regulada para ser transferida para a capital baiana.<\/p>\n","protected":false},"author":2,"featured_media":25443,"comment_status":"open","ping_status":"open","sticky":false,"template":"","format":"standard","meta":{"om_disable_all_campaigns":false,"_monsterinsights_skip_tracking":false,"_monsterinsights_sitenote_active":false,"_monsterinsights_sitenote_note":"","_monsterinsights_sitenote_category":0,"footnotes":""},"categories":[69,43,32,19],"tags":[3429,3486,109,61],"class_list":["post-25440","post","type-post","status-publish","format-standard","has-post-thumbnail","hentry","category-noticias2","category-quijingue","category-regiao","category-saude","tag-coronavirus","tag-covid-19","tag-quijingue","tag-saude"],"aioseo_notices":[],"_links":{"self":[{"href":"https:\/\/www.portalalerta.com.br\/index.php\/wp-json\/wp\/v2\/posts\/25440","targetHints":{"allow":["GET"]}}],"collection":[{"href":"https:\/\/www.portalalerta.com.br\/index.php\/wp-json\/wp\/v2\/posts"}],"about":[{"href":"https:\/\/www.portalalerta.com.br\/index.php\/wp-json\/wp\/v2\/types\/post"}],"author":[{"embeddable":true,"href":"https:\/\/www.portalalerta.com.br\/index.php\/wp-json\/wp\/v2\/users\/2"}],"replies":[{"embeddable":true,"href":"https:\/\/www.portalalerta.com.br\/index.php\/wp-json\/wp\/v2\/comments?post=25440"}],"version-history":[{"count":21,"href":"https:\/\/www.portalalerta.com.br\/index.php\/wp-json\/wp\/v2\/posts\/25440\/revisions"}],"predecessor-version":[{"id":29085,"href":"https:\/\/www.portalalerta.com.br\/index.php\/wp-json\/wp\/v2\/posts\/25440\/revisions\/29085"}],"wp:featuredmedia":[{"embeddable":true,"href":"https:\/\/www.portalalerta.com.br\/index.php\/wp-json\/wp\/v2\/media\/25443"}],"wp:attachment":[{"href":"https:\/\/www.portalalerta.com.br\/index.php\/wp-json\/wp\/v2\/media?parent=25440"}],"wp:term":[{"taxonomy":"category","embeddable":true,"href":"https:\/\/www.portalalerta.com.br\/index.php\/wp-json\/wp\/v2\/categories?post=25440"},{"taxonomy":"post_tag","embeddable":true,"href":"https:\/\/www.portalalerta.com.br\/index.php\/wp-json\/wp\/v2\/tags?post=25440"}],"curies":[{"name":"wp","href":"https:\/\/api.w.org\/{rel}","templated":true}]}}