{"id":25459,"date":"2020-06-15T08:07:14","date_gmt":"2020-06-15T11:07:14","guid":{"rendered":"https:\/\/www.portalalerta.com.br\/?p=25459"},"modified":"2020-06-15T08:07:14","modified_gmt":"2020-06-15T11:07:14","slug":"vice-prefeito-de-fatima-ba-eduardo-pires-rompe-com-sorria-e-apoiara-binho-de-alfredo","status":"publish","type":"post","link":"https:\/\/www.portalalerta.com.br\/index.php\/2020\/06\/15\/vice-prefeito-de-fatima-ba-eduardo-pires-rompe-com-sorria-e-apoiara-binho-de-alfredo\/","title":{"rendered":"Vice-Prefeito De F\u00e1tima-BA Eduardo Pires rompe com Sorria e apoiar\u00e1 Binho de Alfredo."},"content":{"rendered":"<p style=\"text-align: justify;\">O vice-prefeito de F\u00e1tima (BA), Eduardo Pires de Andrade (PP), anunciou na manh\u00e3 da \u00faltima sexta-feira, 12, que\u00a0rompeu com o atual prefeito Manoel Missias, o Sorria. Esta decis\u00e3o de Eduardo\u00a0promete abalar as estruturas do poder no munic\u00edpio.\u00a0<!--more--><\/p>\n<p style=\"text-align: justify;\">O ex-vereador, ex-presidente da C\u00e2mara Municipal de F\u00e1tima, e respons\u00e1vel pela elabora\u00e7\u00e3o da Lei Org\u00e2nica do munic\u00edpio, e tamb\u00e9m ex-prefeito, declarou apoio \u00e0 chapa Binho de Alfredo, do Partido dos Trabalhadores. O atual vice-prefeito, eleito na chapa de Manoel Missias, o Sorria, declarou seus motivos em carta dirigida ao povo de F\u00e1tima. Eis a \u00edntegra:<\/p>\n<p><img fetchpriority=\"high\" decoding=\"async\" class=\"size-thumbnail wp-image-25012 aligncenter\" src=\"https:\/\/www.portalalerta.com.br\/wp-content\/uploads\/2020\/06\/real-acordo.1-720x92.jpg\" alt=\"\" width=\"720\" height=\"92\" \/><span style=\"text-decoration: underline;\"><strong><em>Veja na \u00edntegra a fala da\u00a0<\/em><\/strong><strong><em>Eduardo Pires:<\/em><\/strong><\/span><\/p>\n<p><strong><em>Aos Fatimenses, queridos amigos e amigas fatimenses.<\/em><\/strong><\/p>\n<p><em><strong>Nasci\u00a0 em C\u00edcero Dantas, em 09 de outubro de 1950, na Fazenda Lagoa Grande e resido em F\u00e1tima desde 1973. Ao lado do saudoso Jo\u00e3o Maria de Oliveira, participei das primeiras a\u00e7\u00f5es pol\u00edticas desse munic\u00edpio. Fui chefe de Gabinete por duas oportunidades de Jo\u00e3o Maria e com ele aprendi o valor da lealdade pol\u00edtica, que \u00e9 fundamentada pelo respeito e considera\u00e7\u00e3o aos companheiros de jornada.<\/strong><\/em><\/p>\n<p style=\"text-align: justify;\"><em><strong> Fruto dessa atua\u00e7\u00e3o, fui vereador constituinte e Presidente da C\u00e2mara, oportunidade na qual, fui respons\u00e1vel pela elabora\u00e7\u00e3o e aprova\u00e7\u00e3o da Lei Org\u00e2nica do Munic\u00edpio de F\u00e1tima. Em seguida, fui eleito Prefeito deste Munic\u00edpio e, sob a nossa administra\u00e7\u00e3o, informatizamos a administra\u00e7\u00e3o p\u00fablica, fizemos o primeiro concurso p\u00fablico, municipalizamos a sa\u00fade e educa\u00e7\u00e3o, e com a poio dos Vereadores, foi aprovado o plano de Carreira dos Servidores P\u00fablicos, o C\u00f3digo Tribut\u00e1rio e o Plano de Assist\u00eancia Social que foi basicamente o alicerce da estrutura administrativa hoje vigente. Voltei atuar como chefe de Gabinete agora no mandato do ex-prefeito Nego e hoje sou vice-prefeito da atual administra\u00e7\u00e3o e Presidente do progressista do munic\u00edpio de F\u00e1tima.<\/strong><\/em><\/p>\n<p style=\"text-align: justify;\"><em><strong> Por tanto, atuo na pol\u00edtica de F\u00e1tima muito antes da sua emancipa\u00e7\u00e3o. Sempre conduzi as minhas a\u00e7\u00f5es pol\u00edticas alicer\u00e7adas no valor da lealdade aos que comigo caminham. Sem d\u00favidas, nestes mais de 30 anos de pol\u00edtica cometi erros e acertos, mas jamais recair\u00e1 sobre minha pessoa o adjetivo de traidor. Quem conhece a minha hist\u00f3ria sabe que jamais trai o meu agrupamento, embora j\u00e1 tenha sido tra\u00eddo por alguns.<\/strong><\/em><\/p>\n<p style=\"text-align: justify;\"><em><strong>Digo isso, para informar a todos os patr\u00edcios fatimenses que abro m\u00e3o de disputar uma poss\u00edvel reelei\u00e7\u00e3o ao lado do atual prefeito. O fa\u00e7o de cora\u00e7\u00e3o partido, mas n\u00e3o mais podia me submeter ao desrespeito e desvaloriza\u00e7\u00e3o que venho sofrendo na atual administra\u00e7\u00e3o. Jamais tive o respeito que requer o meu cargo. N\u00e3o pude ajudar, por falta de oportunidade, os populares que me procuravam na figura de vice-prefeito para assisti-los. Ao longo do tempo, fui esquecido pela administra\u00e7\u00e3o e h\u00e1 mais de ano, alguns da administra\u00e7\u00e3o, j\u00e1 diziam aos quatro cantos que Eduardo Pires, esse que vos escreve, n\u00e3o mais serviria pra disputar o pleito que se avizinha como vice-prefeito. Pois bem, feito est\u00e1.\u00a0este instante, declaro apoio a pr\u00e9 candidatura de Binho de Alfredo para Prefeito de F\u00e1tima.\u00a0<\/strong><\/em><\/p>\n<p style=\"text-align: justify;\"><em><strong>Um jovem que vi nasce, de fam\u00edlia\u00a0pobre\u00a0e que muito far\u00e1 pelo nosso munic\u00edpio. Misturado com o sentimento de tristeza que me levou a tomar a decis\u00e3o j\u00e1 relatada, est\u00e3o o sentimento de esperan\u00e7a e mudan\u00e7a que arrebatou os cora\u00e7\u00f5es de muitos conterr\u00e2neos que agora apostam em Binho de Alfredo.<\/strong><\/em><\/p>\n<p style=\"text-align: justify;\"><em><strong>Agrade\u00e7o a todos os amigos e amigas que depositaram votos de confian\u00e7a, pe\u00e7o desculpas e at\u00e9 perd\u00e3o por n\u00e3o ter conseguido atender as suas solicita\u00e7\u00f5es a mim dirigidas. Neste sentido quero contribuir para uma F\u00e1tima melhor.<\/strong><\/em><br \/>\n<em><strong><br \/>\nCom todo carinho e respeito, Eduardo Pires de Andrade<\/strong><\/em><\/p>\n<p style=\"text-align: justify;\"><em>Fonte: C\u00edcero Dantas Acontece<\/em><\/p>\n","protected":false},"excerpt":{"rendered":"<p>O vice-prefeito de F\u00e1tima (BA), Eduardo Pires de Andrade (PP), anunciou na manh\u00e3 da \u00faltima sexta-feira, 12, que\u00a0rompeu com o atual prefeito Manoel Missias, o Sorria. Esta decis\u00e3o de Eduardo\u00a0promete abalar as estruturas do poder no munic\u00edpio.\u00a0<\/p>\n","protected":false},"author":2,"featured_media":25460,"comment_status":"open","ping_status":"open","sticky":false,"template":"","format":"standard","meta":{"om_disable_all_campaigns":false,"_monsterinsights_skip_tracking":false,"_monsterinsights_sitenote_active":false,"_monsterinsights_sitenote_note":"","_monsterinsights_sitenote_category":0,"footnotes":""},"categories":[70,10,69,21,32],"tags":[3215,107,198,776],"class_list":["post-25459","post","type-post","status-publish","format-standard","has-post-thumbnail","hentry","category-destaques","category-fatima","category-noticias2","category-politica","category-regiao","tag-eleicoes-2020","tag-fatima","tag-prefeito","tag-vice-prefeito"],"aioseo_notices":[],"_links":{"self":[{"href":"https:\/\/www.portalalerta.com.br\/index.php\/wp-json\/wp\/v2\/posts\/25459","targetHints":{"allow":["GET"]}}],"collection":[{"href":"https:\/\/www.portalalerta.com.br\/index.php\/wp-json\/wp\/v2\/posts"}],"about":[{"href":"https:\/\/www.portalalerta.com.br\/index.php\/wp-json\/wp\/v2\/types\/post"}],"author":[{"embeddable":true,"href":"https:\/\/www.portalalerta.com.br\/index.php\/wp-json\/wp\/v2\/users\/2"}],"replies":[{"embeddable":true,"href":"https:\/\/www.portalalerta.com.br\/index.php\/wp-json\/wp\/v2\/comments?post=25459"}],"version-history":[{"count":2,"href":"https:\/\/www.portalalerta.com.br\/index.php\/wp-json\/wp\/v2\/posts\/25459\/revisions"}],"predecessor-version":[{"id":25473,"href":"https:\/\/www.portalalerta.com.br\/index.php\/wp-json\/wp\/v2\/posts\/25459\/revisions\/25473"}],"wp:featuredmedia":[{"embeddable":true,"href":"https:\/\/www.portalalerta.com.br\/index.php\/wp-json\/wp\/v2\/media\/25460"}],"wp:attachment":[{"href":"https:\/\/www.portalalerta.com.br\/index.php\/wp-json\/wp\/v2\/media?parent=25459"}],"wp:term":[{"taxonomy":"category","embeddable":true,"href":"https:\/\/www.portalalerta.com.br\/index.php\/wp-json\/wp\/v2\/categories?post=25459"},{"taxonomy":"post_tag","embeddable":true,"href":"https:\/\/www.portalalerta.com.br\/index.php\/wp-json\/wp\/v2\/tags?post=25459"}],"curies":[{"name":"wp","href":"https:\/\/api.w.org\/{rel}","templated":true}]}}