{"id":25462,"date":"2020-06-15T08:08:34","date_gmt":"2020-06-15T11:08:34","guid":{"rendered":"https:\/\/www.portalalerta.com.br\/?p=25462"},"modified":"2020-06-15T08:40:04","modified_gmt":"2020-06-15T11:40:04","slug":"periodo-mais-critico-desde-o-inicio-da-pandemia-numero-de-infectados-por-covid-19-na-regiao-na-ultima-semana-mais-do-que-dobrou-em-comparacao-a-semana-anterior","status":"publish","type":"post","link":"https:\/\/www.portalalerta.com.br\/index.php\/2020\/06\/15\/periodo-mais-critico-desde-o-inicio-da-pandemia-numero-de-infectados-por-covid-19-na-regiao-na-ultima-semana-mais-do-que-dobrou-em-comparacao-a-semana-anterior\/","title":{"rendered":"Per\u00edodo mais cr\u00edtico desde o in\u00edcio da pandemia, n\u00famero de infectados por Covid-19 na regi\u00e3o na \u00faltima semana, mais do que dobrou em compara\u00e7\u00e3o a semana anterior"},"content":{"rendered":"<p style=\"text-align: justify;\">Desde o dia 24 de mar\u00e7o, data em que foi confirmada a primeira infec\u00e7\u00e3o por Covid-19 na regi\u00e3o, registro feito no munic\u00edpio de Nova Soure-BA, 20 cidades, das 21 levantadas pelo PORTAL ALERTA, j\u00e1 registraram casos da doen\u00e7a.<!--more--><\/p>\n<p style=\"text-align: justify;\"><img fetchpriority=\"high\" decoding=\"async\" class=\"size-thumbnail wp-image-9394 alignleft\" src=\"https:\/\/www.portalalerta.com.br\/wp-content\/uploads\/2018\/07\/05elab-320x240.jpg\" alt=\"\" width=\"320\" height=\"240\" srcset=\"https:\/\/www.portalalerta.com.br\/wp-content\/uploads\/2018\/07\/05elab-320x240.jpg 320w, https:\/\/www.portalalerta.com.br\/wp-content\/uploads\/2018\/07\/05elab-195x146.jpg 195w, https:\/\/www.portalalerta.com.br\/wp-content\/uploads\/2018\/07\/05elab-50x38.jpg 50w, https:\/\/www.portalalerta.com.br\/wp-content\/uploads\/2018\/07\/05elab-100x75.jpg 100w, https:\/\/www.portalalerta.com.br\/wp-content\/uploads\/2018\/07\/05elab.jpg 400w\" sizes=\"(max-width: 320px) 100vw, 320px\" \/>At\u00e9 o \u00faltimo s\u00e1bado (13), 270 pessoas j\u00e1 haviam sido infectadas, sendo 119 curadas, e 09 mortas. Desta forma, o \u00edndice de cura chega a 44%, 2% a mais que na semana passada, e de mortos a 3%, 1% a menos que na semana anterior.<\/p>\n<p style=\"text-align: justify;\">O n\u00famero preocupante \u00e9 com rela\u00e7\u00e3o ao de infectados. Somente na \u00faltima semana foram registrados 111 casos, o equivalente ao n\u00famero de registros das dez primeiras semanas. Em compara\u00e7\u00e3o \u00e0 semana passada, o n\u00famero mais do que dobrou.<\/p>\n<p style=\"text-align: justify;\">Os munic\u00edpios com maiores n\u00fameros de infectados s\u00e3o: Araci (51), Itapicuru (45), e Nova Soure (33). A semana tamb\u00e9m marcou pelo registro dos tr\u00eas primeiros casos de Quijingue. Desta forma, o \u00fanico munic\u00edpio da regi\u00e3o, sem registro da doen\u00e7a \u00e9 Heli\u00f3polis.<\/p>\n<p style=\"text-align: justify;\">Al\u00e9m de ter a marca negativa do maior n\u00famero de novos infectados, a semana registrou o maior n\u00famero de cura (48) e de mortes (03).<\/p>\n<p style=\"text-align: justify;\"><strong>Confira os gr\u00e1ficos:<\/strong><\/p>\n<figure id=\"attachment_25463\" aria-describedby=\"caption-attachment-25463\" style=\"width: 540px\" class=\"wp-caption aligncenter\"><img decoding=\"async\" class=\"wp-image-25463 size-full\" src=\"https:\/\/www.portalalerta.com.br\/wp-content\/uploads\/2020\/06\/gr\u00e1fico-Coronav\u00edrus-na-regi\u00e3o-2020.6.jpg\" alt=\"\" width=\"540\" height=\"330\" srcset=\"https:\/\/www.portalalerta.com.br\/wp-content\/uploads\/2020\/06\/gr\u00e1fico-Coronav\u00edrus-na-regi\u00e3o-2020.6.jpg 540w, https:\/\/www.portalalerta.com.br\/wp-content\/uploads\/2020\/06\/gr\u00e1fico-Coronav\u00edrus-na-regi\u00e3o-2020.6-393x240.jpg 393w, https:\/\/www.portalalerta.com.br\/wp-content\/uploads\/2020\/06\/gr\u00e1fico-Coronav\u00edrus-na-regi\u00e3o-2020.6-239x146.jpg 239w, https:\/\/www.portalalerta.com.br\/wp-content\/uploads\/2020\/06\/gr\u00e1fico-Coronav\u00edrus-na-regi\u00e3o-2020.6-50x31.jpg 50w, https:\/\/www.portalalerta.com.br\/wp-content\/uploads\/2020\/06\/gr\u00e1fico-Coronav\u00edrus-na-regi\u00e3o-2020.6-123x75.jpg 123w\" sizes=\"(max-width: 540px) 100vw, 540px\" \/><figcaption id=\"caption-attachment-25463\" class=\"wp-caption-text\">270 pessoas foram infectadas em 20 cidades da regi\u00e3o<\/figcaption><\/figure>\n<figure id=\"attachment_25464\" aria-describedby=\"caption-attachment-25464\" style=\"width: 540px\" class=\"wp-caption aligncenter\"><img decoding=\"async\" class=\"wp-image-25464 size-full\" src=\"https:\/\/www.portalalerta.com.br\/wp-content\/uploads\/2020\/06\/gr\u00e1fico-Coronav\u00edrus-na-regi\u00e3o-2020.7.jpg\" alt=\"\" width=\"540\" height=\"330\" srcset=\"https:\/\/www.portalalerta.com.br\/wp-content\/uploads\/2020\/06\/gr\u00e1fico-Coronav\u00edrus-na-regi\u00e3o-2020.7.jpg 540w, https:\/\/www.portalalerta.com.br\/wp-content\/uploads\/2020\/06\/gr\u00e1fico-Coronav\u00edrus-na-regi\u00e3o-2020.7-393x240.jpg 393w, https:\/\/www.portalalerta.com.br\/wp-content\/uploads\/2020\/06\/gr\u00e1fico-Coronav\u00edrus-na-regi\u00e3o-2020.7-239x146.jpg 239w, https:\/\/www.portalalerta.com.br\/wp-content\/uploads\/2020\/06\/gr\u00e1fico-Coronav\u00edrus-na-regi\u00e3o-2020.7-50x31.jpg 50w, https:\/\/www.portalalerta.com.br\/wp-content\/uploads\/2020\/06\/gr\u00e1fico-Coronav\u00edrus-na-regi\u00e3o-2020.7-123x75.jpg 123w\" sizes=\"(max-width: 540px) 100vw, 540px\" \/><figcaption id=\"caption-attachment-25464\" class=\"wp-caption-text\">119 pessoas foram curadas e 09 morreram<\/figcaption><\/figure>\n<p style=\"text-align: justify;\"><strong>Confira a evolu\u00e7\u00e3o da Covid-19 em sua cidade:<\/strong><\/p>\n<p style=\"text-align: justify;\"><a href=\"https:\/\/www.portalalerta.com.br\/index.php\/2020\/05\/25\/saiba-como-esta-a-evolucao-do-covid-19-em-adustina-ba\/\"><strong>Adustina<\/strong><\/a><\/p>\n<p style=\"text-align: justify;\"><a href=\"https:\/\/www.portalalerta.com.br\/index.php\/2020\/05\/31\/saiba-como-esta-a-evolucao-do-covid-19-em-antas-ba\/\"><strong>Antas<\/strong><\/a><\/p>\n<p style=\"text-align: justify;\"><a href=\"https:\/\/www.portalalerta.com.br\/index.php\/2020\/05\/26\/saiba-como-esta-a-evolucao-do-covid-19-em-araci-ba\/\"><strong>Araci<\/strong><\/a><\/p>\n<p style=\"text-align: justify;\"><a href=\"https:\/\/www.portalalerta.com.br\/index.php\/2020\/05\/27\/saiba-como-esta-a-evolucao-do-covid-19-em-banzae-ba\/\"><strong>Banza\u00ea<\/strong><\/a><\/p>\n<p style=\"text-align: justify;\"><a href=\"https:\/\/www.portalalerta.com.br\/index.php\/2020\/05\/25\/saiba-como-esta-a-evolucao-do-covid-19-em-cicero-dantas-ba\/\"><strong>C\u00edcero Dantas<\/strong><\/a><\/p>\n<p style=\"text-align: justify;\"><a href=\"https:\/\/www.portalalerta.com.br\/index.php\/2020\/05\/29\/saiba-como-esta-a-evolucao-do-covid-19-em-cipo-ba\/\"><strong>Cip\u00f3<\/strong><\/a><\/p>\n<p style=\"text-align: justify;\"><a href=\"https:\/\/www.portalalerta.com.br\/index.php\/2020\/05\/27\/saiba-como-esta-a-evolucao-do-covid-19-em-crisopolis-ba\/\"><strong>Cris\u00f3polis<\/strong><\/a><\/p>\n<p style=\"text-align: justify;\"><a href=\"https:\/\/www.portalalerta.com.br\/index.php\/2020\/05\/27\/saiba-como-esta-a-evolucao-do-covid-19-em-euclides-da-cunha-ba\/\"><strong>Euclides da Cunha<\/strong><\/a><\/p>\n<p style=\"text-align: justify;\"><a href=\"https:\/\/www.portalalerta.com.br\/index.php\/2020\/05\/31\/saiba-como-esta-a-evolucao-do-covid-19-em-fatima-ba\/\"><strong>F\u00e1tima<\/strong><\/a><\/p>\n<p style=\"text-align: justify;\"><strong>Heli\u00f3polis (N\u00e3o h\u00e1 registros de casos)<\/strong><\/p>\n<p style=\"text-align: justify;\"><a href=\"https:\/\/www.portalalerta.com.br\/index.php\/2020\/05\/25\/saiba-como-esta-a-evolucao-do-covid-19-em-itapicuru-ba\/\"><strong>Itapicuru<\/strong><\/a><\/p>\n<p style=\"text-align: justify;\"><a href=\"https:\/\/www.portalalerta.com.br\/index.php\/2020\/05\/30\/saiba-como-esta-a-evolucao-do-covid-19-em-jeremoabo-ba\/\"><strong>Jeremoabo<\/strong><\/a><\/p>\n<p style=\"text-align: justify;\"><a href=\"https:\/\/www.portalalerta.com.br\/index.php\/2020\/05\/30\/saiba-como-esta-a-evolucao-do-covid-19-em-nova-soure-ba\/\"><strong>Nova Soure<\/strong><\/a><\/p>\n<p style=\"text-align: justify;\"><a href=\"https:\/\/www.portalalerta.com.br\/index.php\/2020\/05\/30\/saiba-como-esta-a-evolucao-do-covid-19-em-novo-triunfo-ba\/\"><strong>Novo Triunfo<\/strong><\/a><\/p>\n<p style=\"text-align: justify;\"><a href=\"https:\/\/www.portalalerta.com.br\/index.php\/2020\/05\/30\/saiba-como-esta-a-evolucao-do-covid-19-em-olindina-ba\/\"><strong>Olindina<\/strong><\/a><\/p>\n<p style=\"text-align: justify;\"><a href=\"https:\/\/www.portalalerta.com.br\/index.php\/2020\/05\/26\/saiba-como-esta-a-evolucao-do-covid-19-em-paripiranga-ba\/\"><strong>Paripiranga<\/strong><\/a><\/p>\n<p style=\"text-align: justify;\"><a href=\"https:\/\/www.portalalerta.com.br\/index.php\/2020\/06\/15\/saiba-como-esta-a-evolucao-do-covid-19-em-quijingue-ba\/\"><strong>Quijingue\u00a0<\/strong><\/a><\/p>\n<p style=\"text-align: justify;\"><a href=\"https:\/\/www.portalalerta.com.br\/index.php\/2020\/05\/29\/saiba-como-esta-a-evolucao-do-covid-19-em-ribeira-do-amparo-ba\/\"><strong>Ribeira do Amparo<\/strong><\/a><\/p>\n<p style=\"text-align: justify;\"><a href=\"https:\/\/www.portalalerta.com.br\/index.php\/2020\/05\/26\/saiba-como-esta-a-evolucao-do-covid-19-em-ribeira-do-pombal-ba\/\"><strong>Ribeira do Pombal<\/strong><\/a><\/p>\n<p style=\"text-align: justify;\"><a href=\"https:\/\/www.portalalerta.com.br\/index.php\/2020\/06\/08\/saiba-como-esta-a-evolucao-do-covid-19-em-sitio-do-quinto-ba\/\"><strong>S\u00edtio do Quinto\u00a0<\/strong><\/a><\/p>\n<p style=\"text-align: justify;\"><a href=\"https:\/\/www.portalalerta.com.br\/index.php\/2020\/05\/27\/saiba-como-esta-a-evolucao-do-covid-19-em-tucano-ba\/\"><strong>Tucano<\/strong><\/a><\/p>\n<p style=\"text-align: justify;\"><em>Reda\u00e7\u00e3o: Portal Alerta<\/em><\/p>\n<p style=\"text-align: justify;\"><strong><em>#fiqueemcasa<\/em><\/strong><\/p>\n<p style=\"text-align: justify;\"><strong><em>#usemascaras<\/em><\/strong><\/p>\n","protected":false},"excerpt":{"rendered":"<p>Desde o dia 24 de mar\u00e7o, data em que foi confirmada a primeira infec\u00e7\u00e3o por Covid-19 na regi\u00e3o, registro feito no munic\u00edpio de Nova Soure-BA, 20 cidades, das 21 levantadas pelo PORTAL ALERTA, j\u00e1 registraram casos da doen\u00e7a.<\/p>\n","protected":false},"author":2,"featured_media":24888,"comment_status":"open","ping_status":"open","sticky":false,"template":"","format":"standard","meta":{"om_disable_all_campaigns":false,"_monsterinsights_skip_tracking":false,"_monsterinsights_sitenote_active":false,"_monsterinsights_sitenote_note":"","_monsterinsights_sitenote_category":0,"footnotes":""},"categories":[40,5,41,39,4,13,42,70,17,10,6,18,9,69,14,8,15,11,43,32,16,3,19,7,12],"tags":[100,71,48,49,75,45,3429,3486,46,129,107,44,132,230,106,203,120,51,109,88,47,61,111,190],"class_list":["post-25462","post","type-post","status-publish","format-standard","has-post-thumbnail","hentry","category-adustina","category-antas","category-araci","category-banzae","category-cicero-dantas","category-cipo","category-crisopolis","category-destaques","category-euclides-da-cunha","category-fatima","category-heliopolis","category-itapicuru","category-jeremoabo","category-noticias2","category-nova-soure","category-novo-triunfo","category-olindina","category-paripiranga","category-quijingue","category-regiao","category-ribeira-do-amparo","category-ribeira-do-pombal","category-saude","category-sitio-do-quinto","category-tucano","tag-adustina","tag-antas","tag-araci","tag-banzae","tag-cicero-dantas","tag-cipo","tag-coronavirus","tag-covid-19","tag-crisopolis","tag-euclides-da-cunha","tag-fatima","tag-heliopolis","tag-itapicuru","tag-jeremoabo","tag-nova-soure","tag-novo-triunfo","tag-olindina","tag-paripiranga","tag-quijingue","tag-ribeira-do-amparo","tag-ribeira-do-pombal","tag-saude","tag-sitio-do-quinto","tag-tucano"],"aioseo_notices":[],"_links":{"self":[{"href":"https:\/\/www.portalalerta.com.br\/index.php\/wp-json\/wp\/v2\/posts\/25462","targetHints":{"allow":["GET"]}}],"collection":[{"href":"https:\/\/www.portalalerta.com.br\/index.php\/wp-json\/wp\/v2\/posts"}],"about":[{"href":"https:\/\/www.portalalerta.com.br\/index.php\/wp-json\/wp\/v2\/types\/post"}],"author":[{"embeddable":true,"href":"https:\/\/www.portalalerta.com.br\/index.php\/wp-json\/wp\/v2\/users\/2"}],"replies":[{"embeddable":true,"href":"https:\/\/www.portalalerta.com.br\/index.php\/wp-json\/wp\/v2\/comments?post=25462"}],"version-history":[{"count":4,"href":"https:\/\/www.portalalerta.com.br\/index.php\/wp-json\/wp\/v2\/posts\/25462\/revisions"}],"predecessor-version":[{"id":25475,"href":"https:\/\/www.portalalerta.com.br\/index.php\/wp-json\/wp\/v2\/posts\/25462\/revisions\/25475"}],"wp:featuredmedia":[{"embeddable":true,"href":"https:\/\/www.portalalerta.com.br\/index.php\/wp-json\/wp\/v2\/media\/24888"}],"wp:attachment":[{"href":"https:\/\/www.portalalerta.com.br\/index.php\/wp-json\/wp\/v2\/media?parent=25462"}],"wp:term":[{"taxonomy":"category","embeddable":true,"href":"https:\/\/www.portalalerta.com.br\/index.php\/wp-json\/wp\/v2\/categories?post=25462"},{"taxonomy":"post_tag","embeddable":true,"href":"https:\/\/www.portalalerta.com.br\/index.php\/wp-json\/wp\/v2\/tags?post=25462"}],"curies":[{"name":"wp","href":"https:\/\/api.w.org\/{rel}","templated":true}]}}