{"id":25469,"date":"2020-06-15T15:44:06","date_gmt":"2020-06-15T18:44:06","guid":{"rendered":"https:\/\/www.portalalerta.com.br\/?p=25469"},"modified":"2020-06-15T15:44:06","modified_gmt":"2020-06-15T18:44:06","slug":"soldado-sobrevivente-da-2-guerra-mundial-morre-em-quijingue-ba-aos-98-anos","status":"publish","type":"post","link":"https:\/\/www.portalalerta.com.br\/index.php\/2020\/06\/15\/soldado-sobrevivente-da-2-guerra-mundial-morre-em-quijingue-ba-aos-98-anos\/","title":{"rendered":"Soldado sobrevivente da 2\u00b0 Guerra Mundial morre em Quijingue-BA aos 98 anos"},"content":{"rendered":"<p style=\"text-align: justify;\">Na \u00faltima quinta-feira, 11, Miguel Arcanjo de Oliveira, 98 anos, nascido em 08 de maio de 1922, faleceu em Quijingue-BA.<!--more--><\/p>\n<p style=\"text-align: justify;\"><img fetchpriority=\"high\" decoding=\"async\" class=\"size-thumbnail wp-image-25012 aligncenter\" src=\"https:\/\/www.portalalerta.com.br\/wp-content\/uploads\/2020\/06\/real-acordo.1-720x92.jpg\" alt=\"\" width=\"720\" height=\"92\" \/>Ele \u00e9 um sobrevivente da Segunda Guerra Mundial. Sr. Miguel foi mandado \u00e0 guerra pelo presidente Get\u00falio Vargas, onde lutou contra declarados fascistas do regime comandado pelo ditador Mussolini, em 1944 na It\u00e1lia. Portanto, o Brasil perde mais um dos seus bravos her\u00f3is de guerra.<\/p>\n<p style=\"text-align: justify;\"><em>Fonte: R\u00e1dio Povo <\/em><\/p>\n<p style=\"text-align: justify;\"><em>Com informa\u00e7\u00f5es: A Voz do Campo <\/em><\/p>\n","protected":false},"excerpt":{"rendered":"<p>Na \u00faltima quinta-feira, 11, Miguel Arcanjo de Oliveira, 98 anos, nascido em 08 de maio de 1922, faleceu em Quijingue-BA.<\/p>\n","protected":false},"author":2,"featured_media":25471,"comment_status":"open","ping_status":"open","sticky":false,"template":"","format":"standard","meta":{"om_disable_all_campaigns":false,"_monsterinsights_skip_tracking":false,"_monsterinsights_sitenote_active":false,"_monsterinsights_sitenote_note":"","_monsterinsights_sitenote_category":0,"footnotes":""},"categories":[70,69,43,32],"tags":[3735,93,169,109,3734],"class_list":["post-25469","post","type-post","status-publish","format-standard","has-post-thumbnail","hentry","category-destaques","category-noticias2","category-quijingue","category-regiao","tag-2a-guerra-mundial","tag-brasil","tag-morte","tag-quijingue","tag-soldado"],"aioseo_notices":[],"_links":{"self":[{"href":"https:\/\/www.portalalerta.com.br\/index.php\/wp-json\/wp\/v2\/posts\/25469","targetHints":{"allow":["GET"]}}],"collection":[{"href":"https:\/\/www.portalalerta.com.br\/index.php\/wp-json\/wp\/v2\/posts"}],"about":[{"href":"https:\/\/www.portalalerta.com.br\/index.php\/wp-json\/wp\/v2\/types\/post"}],"author":[{"embeddable":true,"href":"https:\/\/www.portalalerta.com.br\/index.php\/wp-json\/wp\/v2\/users\/2"}],"replies":[{"embeddable":true,"href":"https:\/\/www.portalalerta.com.br\/index.php\/wp-json\/wp\/v2\/comments?post=25469"}],"version-history":[{"count":1,"href":"https:\/\/www.portalalerta.com.br\/index.php\/wp-json\/wp\/v2\/posts\/25469\/revisions"}],"predecessor-version":[{"id":25472,"href":"https:\/\/www.portalalerta.com.br\/index.php\/wp-json\/wp\/v2\/posts\/25469\/revisions\/25472"}],"wp:featuredmedia":[{"embeddable":true,"href":"https:\/\/www.portalalerta.com.br\/index.php\/wp-json\/wp\/v2\/media\/25471"}],"wp:attachment":[{"href":"https:\/\/www.portalalerta.com.br\/index.php\/wp-json\/wp\/v2\/media?parent=25469"}],"wp:term":[{"taxonomy":"category","embeddable":true,"href":"https:\/\/www.portalalerta.com.br\/index.php\/wp-json\/wp\/v2\/categories?post=25469"},{"taxonomy":"post_tag","embeddable":true,"href":"https:\/\/www.portalalerta.com.br\/index.php\/wp-json\/wp\/v2\/tags?post=25469"}],"curies":[{"name":"wp","href":"https:\/\/api.w.org\/{rel}","templated":true}]}}