{"id":25477,"date":"2020-06-15T15:57:32","date_gmt":"2020-06-15T18:57:32","guid":{"rendered":"https:\/\/www.portalalerta.com.br\/?p=25477"},"modified":"2020-06-15T15:57:32","modified_gmt":"2020-06-15T18:57:32","slug":"secom-ameaca-jornalista-por-compartilhar-charge-contra-bolsonaro","status":"publish","type":"post","link":"https:\/\/www.portalalerta.com.br\/index.php\/2020\/06\/15\/secom-ameaca-jornalista-por-compartilhar-charge-contra-bolsonaro\/","title":{"rendered":"Secom amea\u00e7a jornalista por compartilhar charge contra Bolsonaro"},"content":{"rendered":"<p style=\"text-align: justify;\">A Secretaria de Comunica\u00e7\u00e3o usou as redes sociais para amea\u00e7ar o jornalista Ricardo Noblat, da Veja, e o chargista Renato Aroeira por uma charge do\u00a0presidente Jair Bolsonaro.<!--more--><\/p>\n<p style=\"text-align: justify;\"><img fetchpriority=\"high\" decoding=\"async\" class=\"size-thumbnail wp-image-9394 alignleft\" src=\"https:\/\/www.portalalerta.com.br\/wp-content\/uploads\/2018\/07\/05elab-320x240.jpg\" alt=\"\" width=\"320\" height=\"240\" srcset=\"https:\/\/www.portalalerta.com.br\/wp-content\/uploads\/2018\/07\/05elab-320x240.jpg 320w, https:\/\/www.portalalerta.com.br\/wp-content\/uploads\/2018\/07\/05elab-195x146.jpg 195w, https:\/\/www.portalalerta.com.br\/wp-content\/uploads\/2018\/07\/05elab-50x38.jpg 50w, https:\/\/www.portalalerta.com.br\/wp-content\/uploads\/2018\/07\/05elab-100x75.jpg 100w, https:\/\/www.portalalerta.com.br\/wp-content\/uploads\/2018\/07\/05elab.jpg 400w\" sizes=\"(max-width: 320px) 100vw, 320px\" \/>A imagem foi repostada por v\u00e1rias pessoas na manh\u00e3 desta segunda-feira, entre elas, o jornalista Ricardo Noblat, que escreveu \u201ccaiu na rede\u201d e compartilhou a charge. A imagem coloca o presidente da Rep\u00fablica pintando a Cruz Vermelha e transformando e uma su\u00e1stica, s\u00edmbolo nazista.<\/p>\n<p style=\"text-align: justify;\">A Secom retuitou o post de Noblat e afirmou que o jornalista e o chargista est\u00e3o \u201cimputando ao Presidente da Rep\u00fablica o grav\u00edssimo crime de nazismo\u201d. A Secretaria de Comunica\u00e7\u00e3o, em seguida, amea\u00e7a os dois: \u201cA n\u00e3o ser que provem sua acusa\u00e7\u00e3o, o que \u00e9 imposs\u00edvel, incorrem em falsa imputa\u00e7\u00e3o de crime e responder\u00e3o por esse crime\u201d.<\/p>\n<p style=\"text-align: justify;\">Falsa imputa\u00e7\u00e3o de crime \u00e9 crime. O senhor Ricardo Noblat e o chargista est\u00e3o imputando ao Presidente da Rep\u00fablica o grav\u00edssimo crime de nazismo; a n\u00e3o ser que provem sua acusa\u00e7\u00e3o, o que \u00e9 imposs\u00edvel, incorrem em falsa imputa\u00e7\u00e3o de crime e responder\u00e3o por esse crime.<\/p>\n<p style=\"text-align: justify;\">A Secretaria de Comunica\u00e7\u00e3o passa a integrar o minist\u00e9rio das Comunica\u00e7\u00f5es, criado pelo presidente Jair Bolsonaro e que tem como titular o deputado F\u00e1bio Faria, do PSD. Fabio Wajngarten passa, assim, a ser secret\u00e1rio-executivo do novo minist\u00e9rio.<\/p>\n<p style=\"text-align: justify;\"><em>Fonte: Yahoo Not\u00edcias<\/em><\/p>\n","protected":false},"excerpt":{"rendered":"<p>A Secretaria de Comunica\u00e7\u00e3o usou as redes sociais para amea\u00e7ar o jornalista Ricardo Noblat, da Veja, e o chargista Renato Aroeira por uma charge do\u00a0presidente Jair Bolsonaro.<\/p>\n","protected":false},"author":2,"featured_media":25478,"comment_status":"open","ping_status":"open","sticky":false,"template":"","format":"standard","meta":{"om_disable_all_campaigns":false,"_monsterinsights_skip_tracking":false,"_monsterinsights_sitenote_active":false,"_monsterinsights_sitenote_note":"","_monsterinsights_sitenote_category":0,"footnotes":""},"categories":[34,70,69,21],"tags":[93,1395,2387,3439,199,1724,3335],"class_list":["post-25477","post","type-post","status-publish","format-standard","has-post-thumbnail","hentry","category-brasil","category-destaques","category-noticias2","category-politica","tag-brasil","tag-jair-bolsonaro","tag-jornalista","tag-nazismo","tag-politica","tag-processo","tag-secom"],"aioseo_notices":[],"_links":{"self":[{"href":"https:\/\/www.portalalerta.com.br\/index.php\/wp-json\/wp\/v2\/posts\/25477","targetHints":{"allow":["GET"]}}],"collection":[{"href":"https:\/\/www.portalalerta.com.br\/index.php\/wp-json\/wp\/v2\/posts"}],"about":[{"href":"https:\/\/www.portalalerta.com.br\/index.php\/wp-json\/wp\/v2\/types\/post"}],"author":[{"embeddable":true,"href":"https:\/\/www.portalalerta.com.br\/index.php\/wp-json\/wp\/v2\/users\/2"}],"replies":[{"embeddable":true,"href":"https:\/\/www.portalalerta.com.br\/index.php\/wp-json\/wp\/v2\/comments?post=25477"}],"version-history":[{"count":1,"href":"https:\/\/www.portalalerta.com.br\/index.php\/wp-json\/wp\/v2\/posts\/25477\/revisions"}],"predecessor-version":[{"id":25479,"href":"https:\/\/www.portalalerta.com.br\/index.php\/wp-json\/wp\/v2\/posts\/25477\/revisions\/25479"}],"wp:featuredmedia":[{"embeddable":true,"href":"https:\/\/www.portalalerta.com.br\/index.php\/wp-json\/wp\/v2\/media\/25478"}],"wp:attachment":[{"href":"https:\/\/www.portalalerta.com.br\/index.php\/wp-json\/wp\/v2\/media?parent=25477"}],"wp:term":[{"taxonomy":"category","embeddable":true,"href":"https:\/\/www.portalalerta.com.br\/index.php\/wp-json\/wp\/v2\/categories?post=25477"},{"taxonomy":"post_tag","embeddable":true,"href":"https:\/\/www.portalalerta.com.br\/index.php\/wp-json\/wp\/v2\/tags?post=25477"}],"curies":[{"name":"wp","href":"https:\/\/api.w.org\/{rel}","templated":true}]}}