{"id":25480,"date":"2020-06-15T16:07:09","date_gmt":"2020-06-15T19:07:09","guid":{"rendered":"https:\/\/www.portalalerta.com.br\/?p=25480"},"modified":"2020-06-15T16:07:09","modified_gmt":"2020-06-15T19:07:09","slug":"jovem-e-vitima-de-homicidio-em-fatima-ba","status":"publish","type":"post","link":"https:\/\/www.portalalerta.com.br\/index.php\/2020\/06\/15\/jovem-e-vitima-de-homicidio-em-fatima-ba\/","title":{"rendered":"Jovem \u00e9 v\u00edtima de homic\u00eddio em F\u00e1tima-BA"},"content":{"rendered":"<p style=\"text-align: justify;\">Na noite do \u00faltimo domingo, 14, um homem foi alvejado por disparos de arma de fogo, quando se encontrava nas proximidades do Est\u00e1dio Municipal, mais precisamente na Av. Nossa Senhora de F\u00e1tima.<!--more--><\/p>\n<p style=\"text-align: justify;\"><img fetchpriority=\"high\" decoding=\"async\" class=\"size-thumbnail wp-image-4869 aligncenter\" src=\"https:\/\/www.portalalerta.com.br\/wp-content\/uploads\/2018\/02\/Auto-Escola-Nobre-720x181.jpg\" alt=\"\" width=\"720\" height=\"181\" srcset=\"https:\/\/www.portalalerta.com.br\/wp-content\/uploads\/2018\/02\/Auto-Escola-Nobre.jpg 720w, https:\/\/www.portalalerta.com.br\/wp-content\/uploads\/2018\/02\/Auto-Escola-Nobre-260x65.jpg 260w, https:\/\/www.portalalerta.com.br\/wp-content\/uploads\/2018\/02\/Auto-Escola-Nobre-50x13.jpg 50w, https:\/\/www.portalalerta.com.br\/wp-content\/uploads\/2018\/02\/Auto-Escola-Nobre-150x38.jpg 150w\" sizes=\"(max-width: 720px) 100vw, 720px\" \/>Gledson dos Santos Costa, 25 anos, chegou a ser socorrido por Guardas Civis Municipais, sendo levado at\u00e9 a Unidade de Sa\u00fade, do munic\u00edpio, de onde chegou a ter a transfer\u00eancia encaminhada para o Hospital Geral Santa Tereza, em Ribeira do Pombal-BA, por\u00e9m antes mesmo de chegar ao destino, n\u00e3o resistiu aos ferimentos e evoluiu a \u00f3bito.<\/p>\n<p style=\"text-align: justify;\">Nada foi informado a respeito da autoria, bem como a motiva\u00e7\u00e3o do crime.<\/p>\n<p style=\"text-align: justify;\"><em>Reda\u00e7\u00e3o: Portal Alerta<\/em><\/p>\n<p style=\"text-align: justify;\"><strong><em>#fiqueemcasa<\/em><\/strong><\/p>\n<p style=\"text-align: justify;\"><strong><em>#usemascaras<\/em><\/strong><\/p>\n","protected":false},"excerpt":{"rendered":"<p>Na noite do \u00faltimo domingo, 14, um homem foi alvejado por disparos de arma de fogo, quando se encontrava nas proximidades do Est\u00e1dio Municipal, mais precisamente na Av. Nossa Senhora de F\u00e1tima.<\/p>\n","protected":false},"author":2,"featured_media":2961,"comment_status":"open","ping_status":"open","sticky":false,"template":"","format":"standard","meta":{"om_disable_all_campaigns":false,"_monsterinsights_skip_tracking":false,"_monsterinsights_sitenote_active":false,"_monsterinsights_sitenote_note":"","_monsterinsights_sitenote_category":0,"footnotes":""},"categories":[70,10,69,32,22],"tags":[375,107,206,169],"class_list":["post-25480","post","type-post","status-publish","format-standard","has-post-thumbnail","hentry","category-destaques","category-fatima","category-noticias2","category-regiao","category-seguranca","tag-disparos-de-arma-de-fogo","tag-fatima","tag-homicidio","tag-morte"],"aioseo_notices":[],"_links":{"self":[{"href":"https:\/\/www.portalalerta.com.br\/index.php\/wp-json\/wp\/v2\/posts\/25480","targetHints":{"allow":["GET"]}}],"collection":[{"href":"https:\/\/www.portalalerta.com.br\/index.php\/wp-json\/wp\/v2\/posts"}],"about":[{"href":"https:\/\/www.portalalerta.com.br\/index.php\/wp-json\/wp\/v2\/types\/post"}],"author":[{"embeddable":true,"href":"https:\/\/www.portalalerta.com.br\/index.php\/wp-json\/wp\/v2\/users\/2"}],"replies":[{"embeddable":true,"href":"https:\/\/www.portalalerta.com.br\/index.php\/wp-json\/wp\/v2\/comments?post=25480"}],"version-history":[{"count":1,"href":"https:\/\/www.portalalerta.com.br\/index.php\/wp-json\/wp\/v2\/posts\/25480\/revisions"}],"predecessor-version":[{"id":25481,"href":"https:\/\/www.portalalerta.com.br\/index.php\/wp-json\/wp\/v2\/posts\/25480\/revisions\/25481"}],"wp:featuredmedia":[{"embeddable":true,"href":"https:\/\/www.portalalerta.com.br\/index.php\/wp-json\/wp\/v2\/media\/2961"}],"wp:attachment":[{"href":"https:\/\/www.portalalerta.com.br\/index.php\/wp-json\/wp\/v2\/media?parent=25480"}],"wp:term":[{"taxonomy":"category","embeddable":true,"href":"https:\/\/www.portalalerta.com.br\/index.php\/wp-json\/wp\/v2\/categories?post=25480"},{"taxonomy":"post_tag","embeddable":true,"href":"https:\/\/www.portalalerta.com.br\/index.php\/wp-json\/wp\/v2\/tags?post=25480"}],"curies":[{"name":"wp","href":"https:\/\/api.w.org\/{rel}","templated":true}]}}