{"id":25512,"date":"2020-06-16T17:42:03","date_gmt":"2020-06-16T20:42:03","guid":{"rendered":"https:\/\/www.portalalerta.com.br\/?p=25512"},"modified":"2020-06-16T17:42:03","modified_gmt":"2020-06-16T20:42:03","slug":"prisao-de-sara-winter-gera-protesto-na-porta-da-pf-em-brasilia","status":"publish","type":"post","link":"https:\/\/www.portalalerta.com.br\/index.php\/2020\/06\/16\/prisao-de-sara-winter-gera-protesto-na-porta-da-pf-em-brasilia\/","title":{"rendered":"Pris\u00e3o de Sara Winter gera protesto na porta da PF em Bras\u00edlia"},"content":{"rendered":"<p style=\"text-align: justify;\">Ap\u00f3s\u00a0a pris\u00e3o da ativista Sara Winter, l\u00edder do movimento bolsonarista \u201c300 do Brasil\u201d, um grupo de manifestantes foi at\u00e9 a sede da Superintend\u00eancia da Pol\u00edcia Federal no Distrito Federal nesta segunda-feira (15), carregando faixas de apoio ao grupo.<!--more--><\/p>\n<p style=\"text-align: justify;\"><img fetchpriority=\"high\" decoding=\"async\" class=\"size-thumbnail wp-image-9394 alignleft\" src=\"https:\/\/www.portalalerta.com.br\/wp-content\/uploads\/2018\/07\/05elab-320x240.jpg\" alt=\"\" width=\"320\" height=\"240\" srcset=\"https:\/\/www.portalalerta.com.br\/wp-content\/uploads\/2018\/07\/05elab-320x240.jpg 320w, https:\/\/www.portalalerta.com.br\/wp-content\/uploads\/2018\/07\/05elab-195x146.jpg 195w, https:\/\/www.portalalerta.com.br\/wp-content\/uploads\/2018\/07\/05elab-50x38.jpg 50w, https:\/\/www.portalalerta.com.br\/wp-content\/uploads\/2018\/07\/05elab-100x75.jpg 100w, https:\/\/www.portalalerta.com.br\/wp-content\/uploads\/2018\/07\/05elab.jpg 400w\" sizes=\"(max-width: 320px) 100vw, 320px\" \/>De acordo com o jornal\u00a0<em>Estado de S\u00e3o Paulo<\/em>, em alus\u00e3o ao ataque ao Supremo Tribunal Federal (STF) na noite de s\u00e1bado (13), um dos manifestantes soltou fogos de artif\u00edcio em dire\u00e7\u00e3o ao pr\u00e9dio da PF. O grupo tamb\u00e9m carregava uma faixa com a hashtag\u00a0<em>Sara Livre<\/em>.<\/p>\n<p style=\"text-align: justify;\">Sara Winter foi uma das seis pessoas do grupo \u201c300 do Brasil\u201d que teve mandados de pris\u00e3o expedidos ap\u00f3s ordem do ministro Alexandre de Moraes, a pedido da Procuradoria Geral da Rep\u00fablica (PGR). A raz\u00e3o s\u00e3o os constantes ataques e amea\u00e7as aos membros do Supremo, com base na Lei de Seguran\u00e7a Nacional.<\/p>\n<p style=\"text-align: justify;\">A decis\u00e3o pelas pris\u00f5es aconteceu ap\u00f3s o STF e a PGR avaliarem que os respons\u00e1veis pelas investiga\u00e7\u00f5es contra o grupo na primeira inst\u00e2ncia estavam demorando demais para agir contra Winter e companhia.<\/p>\n<p style=\"text-align: justify;\"><em>Fonte: Yahoo Not\u00edcias<\/em><\/p>\n","protected":false},"excerpt":{"rendered":"<p>Ap\u00f3s\u00a0a pris\u00e3o da ativista Sara Winter, l\u00edder do movimento bolsonarista \u201c300 do Brasil\u201d, um grupo de manifestantes foi at\u00e9 a sede da Superintend\u00eancia da Pol\u00edcia Federal no Distrito Federal nesta segunda-feira (15), carregando faixas de apoio ao grupo.<\/p>\n","protected":false},"author":2,"featured_media":25513,"comment_status":"open","ping_status":"open","sticky":false,"template":"","format":"standard","meta":{"om_disable_all_campaigns":false,"_monsterinsights_skip_tracking":false,"_monsterinsights_sitenote_active":false,"_monsterinsights_sitenote_note":"","_monsterinsights_sitenote_category":0,"footnotes":""},"categories":[34,70,69,22],"tags":[3738,93,173,174,3737,216],"class_list":["post-25512","post","type-post","status-publish","format-standard","has-post-thumbnail","hentry","category-brasil","category-destaques","category-noticias2","category-seguranca","tag-300-do-brasil","tag-brasil","tag-policia-federal","tag-prisao","tag-sara-winter","tag-stf"],"aioseo_notices":[],"_links":{"self":[{"href":"https:\/\/www.portalalerta.com.br\/index.php\/wp-json\/wp\/v2\/posts\/25512","targetHints":{"allow":["GET"]}}],"collection":[{"href":"https:\/\/www.portalalerta.com.br\/index.php\/wp-json\/wp\/v2\/posts"}],"about":[{"href":"https:\/\/www.portalalerta.com.br\/index.php\/wp-json\/wp\/v2\/types\/post"}],"author":[{"embeddable":true,"href":"https:\/\/www.portalalerta.com.br\/index.php\/wp-json\/wp\/v2\/users\/2"}],"replies":[{"embeddable":true,"href":"https:\/\/www.portalalerta.com.br\/index.php\/wp-json\/wp\/v2\/comments?post=25512"}],"version-history":[{"count":1,"href":"https:\/\/www.portalalerta.com.br\/index.php\/wp-json\/wp\/v2\/posts\/25512\/revisions"}],"predecessor-version":[{"id":25514,"href":"https:\/\/www.portalalerta.com.br\/index.php\/wp-json\/wp\/v2\/posts\/25512\/revisions\/25514"}],"wp:featuredmedia":[{"embeddable":true,"href":"https:\/\/www.portalalerta.com.br\/index.php\/wp-json\/wp\/v2\/media\/25513"}],"wp:attachment":[{"href":"https:\/\/www.portalalerta.com.br\/index.php\/wp-json\/wp\/v2\/media?parent=25512"}],"wp:term":[{"taxonomy":"category","embeddable":true,"href":"https:\/\/www.portalalerta.com.br\/index.php\/wp-json\/wp\/v2\/categories?post=25512"},{"taxonomy":"post_tag","embeddable":true,"href":"https:\/\/www.portalalerta.com.br\/index.php\/wp-json\/wp\/v2\/tags?post=25512"}],"curies":[{"name":"wp","href":"https:\/\/api.w.org\/{rel}","templated":true}]}}