{"id":25515,"date":"2020-06-16T18:05:21","date_gmt":"2020-06-16T21:05:21","guid":{"rendered":"https:\/\/www.portalalerta.com.br\/?p=25515"},"modified":"2020-06-16T18:25:42","modified_gmt":"2020-06-16T21:25:42","slug":"jackson-almeida-firma-alianca-com-prefeito-ricardo-e-sera-candidato-a-vice-da-chapa-de-situacao-em-cicero-dantas-ba","status":"publish","type":"post","link":"https:\/\/www.portalalerta.com.br\/index.php\/2020\/06\/16\/jackson-almeida-firma-alianca-com-prefeito-ricardo-e-sera-candidato-a-vice-da-chapa-de-situacao-em-cicero-dantas-ba\/","title":{"rendered":"Jackson Almeida firma alian\u00e7a com prefeito Ricardo e ser\u00e1 candidato a vice da chapa de situa\u00e7\u00e3o em C\u00edcero Dantas-BA"},"content":{"rendered":"<p style=\"text-align: justify;\">No in\u00edcio da madrugada desta ter\u00e7a-feira (16) foi firmada uma nova alian\u00e7a pol\u00edtica em C\u00edcero Dantas-BA, que modifica a conjuntura eleitoral do munic\u00edpio para o pr\u00f3ximo pleito. Jackson Almeida, vereador pelo PDT que pertenceu \u00e0 bancada de oposi\u00e7\u00e3o durante toda a legislatura, ser\u00e1 o candidato a vice-prefeito da situa\u00e7\u00e3o nas pr\u00f3ximas elei\u00e7\u00f5es municipais.<!--more--><\/p>\n<p>&nbsp;<\/p>\n<p style=\"text-align: justify;\">A defini\u00e7\u00e3o se tornou p\u00fablica nas redes sociais durante a madrugada, quando foram divulgadas fotos de uma reuni\u00e3o entre o vereador e Zelito Ribeiro, principal l\u00edder do grupo pol\u00edtico dos Gavi\u00f5es, no qual est\u00e1 inserido o prefeito Ricardo Almeida.<\/p>\n<p style=\"text-align: justify;\"><img fetchpriority=\"high\" decoding=\"async\" class=\"size-thumbnail wp-image-4869 aligncenter\" src=\"https:\/\/www.portalalerta.com.br\/wp-content\/uploads\/2018\/02\/Auto-Escola-Nobre-720x181.jpg\" alt=\"\" width=\"720\" height=\"181\" srcset=\"https:\/\/www.portalalerta.com.br\/wp-content\/uploads\/2018\/02\/Auto-Escola-Nobre.jpg 720w, https:\/\/www.portalalerta.com.br\/wp-content\/uploads\/2018\/02\/Auto-Escola-Nobre-260x65.jpg 260w, https:\/\/www.portalalerta.com.br\/wp-content\/uploads\/2018\/02\/Auto-Escola-Nobre-50x13.jpg 50w, https:\/\/www.portalalerta.com.br\/wp-content\/uploads\/2018\/02\/Auto-Escola-Nobre-150x38.jpg 150w\" sizes=\"(max-width: 720px) 100vw, 720px\" \/>Em uma das imagens em que aparece com outras pessoas, Jackson, inclusive, sinaliza ades\u00e3o \u00e0 candidatura de Ricardo mostrando os dedos indicadores das duas m\u00e3os em alus\u00e3o ao n\u00famero 11, correspondente ao PP, partido do atual prefeito.<\/p>\n<h2><img decoding=\"async\" class=\"aligncenter wp-image-25535 size-full\" src=\"https:\/\/www.portalalerta.com.br\/wp-content\/uploads\/2020\/06\/Jackson-Almeida-adere-ao-grupo-de-Ricardo-Almeida.jpg\" alt=\"\" width=\"500\" height=\"400\" srcset=\"https:\/\/www.portalalerta.com.br\/wp-content\/uploads\/2020\/06\/Jackson-Almeida-adere-ao-grupo-de-Ricardo-Almeida.jpg 500w, https:\/\/www.portalalerta.com.br\/wp-content\/uploads\/2020\/06\/Jackson-Almeida-adere-ao-grupo-de-Ricardo-Almeida-300x240.jpg 300w, https:\/\/www.portalalerta.com.br\/wp-content\/uploads\/2020\/06\/Jackson-Almeida-adere-ao-grupo-de-Ricardo-Almeida-183x146.jpg 183w, https:\/\/www.portalalerta.com.br\/wp-content\/uploads\/2020\/06\/Jackson-Almeida-adere-ao-grupo-de-Ricardo-Almeida-50x40.jpg 50w, https:\/\/www.portalalerta.com.br\/wp-content\/uploads\/2020\/06\/Jackson-Almeida-adere-ao-grupo-de-Ricardo-Almeida-94x75.jpg 94w\" sizes=\"(max-width: 500px) 100vw, 500px\" \/><\/h2>\n<h2 style=\"text-align: justify;\">Divulga\u00e7\u00e3o<\/h2>\n<p style=\"text-align: justify;\">A reportagem entrou em contato com o vereador para obter maiores informa\u00e7\u00f5es sobre a decis\u00e3o e saber o que levou a tom\u00e1-la. Jackson, por\u00e9m, se resumiu a dizer que a pr\u00e9-candidatura est\u00e1 definida. Diante da divulga\u00e7\u00e3o do acordo nas redes sociais, o parlamentar publicou um texto direcionados ao pr\u00e9-candidatos a vereador pelo PDT em que comenta a decis\u00e3o e lhes confere liberdade para \u201cseguir o projeto que mais lhe agradarem\u201d.\u00a0<strong>Confira a nota completa a seguir:<\/strong><\/p>\n<blockquote>\n<p style=\"text-align: justify;\"><em><strong>Meus caros amigos,<\/strong><\/em><br \/>\n<em><strong> Chegou o momento de tomar uma decis\u00e3o, e diante de todo o panorama que nos foi apresentado, s\u00f3 me restou um caminho a seguir.<\/strong><\/em><br \/>\n<em><strong> Hoje estou alinhando minha candidatura a vice prefeito na chapa de Dr. Ricardo.<\/strong><\/em><br \/>\n<em><strong> Gostaria muito de poder contar com a compreens\u00e3o de todos, quero que fiquem despreocupados, pois os pr\u00e9 candidatos do PDT, como sempre falei, ter\u00e3o liberdade de seguir o projeto que mais lhe agradarem.<\/strong><\/em><br \/>\n<em><strong> Tenho total confian\u00e7a em cada um de voc\u00eas, e sei que juntos podemos construir uma cidade melhor.<\/strong><\/em><br \/>\n<em><strong> Conto com o apoio de voc\u00eas.<\/strong><\/em><br \/>\n<em><strong> Seu amigo Jackson Almeida<\/strong><\/em><\/p>\n<\/blockquote>\n<p>A reportagem tamb\u00e9m entrou em contato com o vereador Z\u00e9 Domingos, do PT, principal partido de apoio ao prefeito Ricardo \u2013 de onde era esperado que sa\u00edsse o candidato a vice \u2013 para saber como o partido recebeu essa defini\u00e7\u00e3o eleitoral. O vereador disse que o \u201cPT deve pensar que posi\u00e7\u00e3o deve ser tomada\u201d.<\/p>\n<p style=\"text-align: justify;\"><em>Fonte: \u00a0Sert\u00e3o em Pauta<\/em><\/p>\n","protected":false},"excerpt":{"rendered":"<p>No in\u00edcio da madrugada desta ter\u00e7a-feira (16) foi firmada uma nova alian\u00e7a pol\u00edtica em C\u00edcero Dantas-BA, que modifica a conjuntura eleitoral do munic\u00edpio para o pr\u00f3ximo pleito. Jackson Almeida, vereador pelo PDT que pertenceu \u00e0 bancada de oposi\u00e7\u00e3o durante toda a legislatura, ser\u00e1 o candidato a vice-prefeito da situa\u00e7\u00e3o nas pr\u00f3ximas elei\u00e7\u00f5es municipais.<\/p>\n","protected":false},"author":2,"featured_media":25536,"comment_status":"open","ping_status":"open","sticky":false,"template":"","format":"standard","meta":{"om_disable_all_campaigns":false,"_monsterinsights_skip_tracking":false,"_monsterinsights_sitenote_active":false,"_monsterinsights_sitenote_note":"","_monsterinsights_sitenote_category":0,"footnotes":""},"categories":[4,70,69,21,32],"tags":[75,3215,199],"class_list":["post-25515","post","type-post","status-publish","format-standard","has-post-thumbnail","hentry","category-cicero-dantas","category-destaques","category-noticias2","category-politica","category-regiao","tag-cicero-dantas","tag-eleicoes-2020","tag-politica"],"aioseo_notices":[],"_links":{"self":[{"href":"https:\/\/www.portalalerta.com.br\/index.php\/wp-json\/wp\/v2\/posts\/25515","targetHints":{"allow":["GET"]}}],"collection":[{"href":"https:\/\/www.portalalerta.com.br\/index.php\/wp-json\/wp\/v2\/posts"}],"about":[{"href":"https:\/\/www.portalalerta.com.br\/index.php\/wp-json\/wp\/v2\/types\/post"}],"author":[{"embeddable":true,"href":"https:\/\/www.portalalerta.com.br\/index.php\/wp-json\/wp\/v2\/users\/2"}],"replies":[{"embeddable":true,"href":"https:\/\/www.portalalerta.com.br\/index.php\/wp-json\/wp\/v2\/comments?post=25515"}],"version-history":[{"count":2,"href":"https:\/\/www.portalalerta.com.br\/index.php\/wp-json\/wp\/v2\/posts\/25515\/revisions"}],"predecessor-version":[{"id":25540,"href":"https:\/\/www.portalalerta.com.br\/index.php\/wp-json\/wp\/v2\/posts\/25515\/revisions\/25540"}],"wp:featuredmedia":[{"embeddable":true,"href":"https:\/\/www.portalalerta.com.br\/index.php\/wp-json\/wp\/v2\/media\/25536"}],"wp:attachment":[{"href":"https:\/\/www.portalalerta.com.br\/index.php\/wp-json\/wp\/v2\/media?parent=25515"}],"wp:term":[{"taxonomy":"category","embeddable":true,"href":"https:\/\/www.portalalerta.com.br\/index.php\/wp-json\/wp\/v2\/categories?post=25515"},{"taxonomy":"post_tag","embeddable":true,"href":"https:\/\/www.portalalerta.com.br\/index.php\/wp-json\/wp\/v2\/tags?post=25515"}],"curies":[{"name":"wp","href":"https:\/\/api.w.org\/{rel}","templated":true}]}}