{"id":25544,"date":"2020-06-16T18:37:25","date_gmt":"2020-06-16T21:37:25","guid":{"rendered":"https:\/\/www.portalalerta.com.br\/?p=25544"},"modified":"2020-06-16T18:37:25","modified_gmt":"2020-06-16T21:37:25","slug":"apos-lockdown-araci-ba-registrou-apenas-01-caso-de-coronavirus-casos-totais-somam-62","status":"publish","type":"post","link":"https:\/\/www.portalalerta.com.br\/index.php\/2020\/06\/16\/apos-lockdown-araci-ba-registrou-apenas-01-caso-de-coronavirus-casos-totais-somam-62\/","title":{"rendered":"Ap\u00f3s lockdown, Araci-BA registrou apenas 01 caso de Coronav\u00edrus; casos totais somam 62"},"content":{"rendered":"<p style=\"text-align: justify;\">Nesta segunda-feira (15), Araci-BA teve apenas um caso positivo para contamina\u00e7\u00e3o pelo Covid-19: Uma mulher de 63 anos, sem comorbidades, moradora do Angico. A confirma\u00e7\u00e3o veio atrav\u00e9s de testagem r\u00e1pida. O munic\u00edpio, que teve um lockdown de 04 dias, agora tem 62 casos de pessoas confirmadas para Coronav\u00edrus.<!--more--><\/p>\n<p style=\"text-align: justify;\"><img fetchpriority=\"high\" decoding=\"async\" class=\"size-thumbnail wp-image-9394 alignleft\" src=\"https:\/\/www.portalalerta.com.br\/wp-content\/uploads\/2018\/07\/05elab-320x240.jpg\" alt=\"\" width=\"320\" height=\"240\" srcset=\"https:\/\/www.portalalerta.com.br\/wp-content\/uploads\/2018\/07\/05elab-320x240.jpg 320w, https:\/\/www.portalalerta.com.br\/wp-content\/uploads\/2018\/07\/05elab-195x146.jpg 195w, https:\/\/www.portalalerta.com.br\/wp-content\/uploads\/2018\/07\/05elab-50x38.jpg 50w, https:\/\/www.portalalerta.com.br\/wp-content\/uploads\/2018\/07\/05elab-100x75.jpg 100w, https:\/\/www.portalalerta.com.br\/wp-content\/uploads\/2018\/07\/05elab.jpg 400w\" sizes=\"(max-width: 320px) 100vw, 320px\" \/>\u201cTamb\u00e9m tivemos mais 02 exames cl\u00ednicos atestando cura, e assim j\u00e1 s\u00e3o 13 pessoas livres da doen\u00e7a, apenas estando em cuidados mais moderados, de acordo com os protocolos do Minist\u00e9rio da Sa\u00fade. Hoje foram feitos 05 testes r\u00e1pidos e temos 92 pessoas em monitoramento de nossas equipes de sa\u00fade e da vigil\u00e2ncia epidemiol\u00f3gica. A Vigil\u00e2ncia Epidemiol\u00f3gica vem desenvolvendo o trabalho de monitoramento de diversos pacientes e seus contatos, e realizando a testagem r\u00e1pida de todos que apresentam sintomas ou s\u00e3o pessoas que tiveram contato com os pacientes positivos\u201d, disse nota da Prefeitura.<\/p>\n<p style=\"text-align: justify;\"><a href=\"https:\/\/www.portalalerta.com.br\/index.php\/2020\/05\/26\/saiba-como-esta-a-evolucao-do-covid-19-em-araci-ba\/\"><strong style=\"font-style: inherit;\">Clique aqui e saiba como est\u00e1 a evolu\u00e7\u00e3o do Covid-19 em Araci-BA<\/strong><\/a><\/p>\n<p style=\"text-align: justify;\"><em style=\"font-weight: inherit;\">Fonte: A Voz do Campo<\/em><\/p>\n","protected":false},"excerpt":{"rendered":"<p>Nesta segunda-feira (15), Araci-BA teve apenas um caso positivo para contamina\u00e7\u00e3o pelo Covid-19: Uma mulher de 63 anos, sem comorbidades, moradora do Angico. A confirma\u00e7\u00e3o veio atrav\u00e9s de testagem r\u00e1pida. O munic\u00edpio, que teve um lockdown de 04 dias, agora tem 62 casos de pessoas confirmadas para Coronav\u00edrus.<\/p>\n","protected":false},"author":2,"featured_media":25546,"comment_status":"open","ping_status":"open","sticky":false,"template":"","format":"standard","meta":{"om_disable_all_campaigns":false,"_monsterinsights_skip_tracking":false,"_monsterinsights_sitenote_active":false,"_monsterinsights_sitenote_note":"","_monsterinsights_sitenote_category":0,"footnotes":""},"categories":[41,70,69,32,19],"tags":[48,3429,3486,3627,61],"class_list":["post-25544","post","type-post","status-publish","format-standard","has-post-thumbnail","hentry","category-araci","category-destaques","category-noticias2","category-regiao","category-saude","tag-araci","tag-coronavirus","tag-covid-19","tag-lockdown","tag-saude"],"aioseo_notices":[],"_links":{"self":[{"href":"https:\/\/www.portalalerta.com.br\/index.php\/wp-json\/wp\/v2\/posts\/25544","targetHints":{"allow":["GET"]}}],"collection":[{"href":"https:\/\/www.portalalerta.com.br\/index.php\/wp-json\/wp\/v2\/posts"}],"about":[{"href":"https:\/\/www.portalalerta.com.br\/index.php\/wp-json\/wp\/v2\/types\/post"}],"author":[{"embeddable":true,"href":"https:\/\/www.portalalerta.com.br\/index.php\/wp-json\/wp\/v2\/users\/2"}],"replies":[{"embeddable":true,"href":"https:\/\/www.portalalerta.com.br\/index.php\/wp-json\/wp\/v2\/comments?post=25544"}],"version-history":[{"count":1,"href":"https:\/\/www.portalalerta.com.br\/index.php\/wp-json\/wp\/v2\/posts\/25544\/revisions"}],"predecessor-version":[{"id":25547,"href":"https:\/\/www.portalalerta.com.br\/index.php\/wp-json\/wp\/v2\/posts\/25544\/revisions\/25547"}],"wp:featuredmedia":[{"embeddable":true,"href":"https:\/\/www.portalalerta.com.br\/index.php\/wp-json\/wp\/v2\/media\/25546"}],"wp:attachment":[{"href":"https:\/\/www.portalalerta.com.br\/index.php\/wp-json\/wp\/v2\/media?parent=25544"}],"wp:term":[{"taxonomy":"category","embeddable":true,"href":"https:\/\/www.portalalerta.com.br\/index.php\/wp-json\/wp\/v2\/categories?post=25544"},{"taxonomy":"post_tag","embeddable":true,"href":"https:\/\/www.portalalerta.com.br\/index.php\/wp-json\/wp\/v2\/tags?post=25544"}],"curies":[{"name":"wp","href":"https:\/\/api.w.org\/{rel}","templated":true}]}}