{"id":25548,"date":"2020-06-16T22:31:45","date_gmt":"2020-06-17T01:31:45","guid":{"rendered":"https:\/\/www.portalalerta.com.br\/?p=25548"},"modified":"2020-06-16T22:31:45","modified_gmt":"2020-06-17T01:31:45","slug":"coreia-do-norte-explode-escritorio-de-relacoes-com-a-coreia-do-sul","status":"publish","type":"post","link":"https:\/\/www.portalalerta.com.br\/index.php\/2020\/06\/16\/coreia-do-norte-explode-escritorio-de-relacoes-com-a-coreia-do-sul\/","title":{"rendered":"Coreia do Norte explode escrit\u00f3rio de rela\u00e7\u00f5es com a Coreia do Sul"},"content":{"rendered":"<p style=\"text-align: justify;\">A Coreia do Norte explodiu nesta ter\u00e7a-feira (16) o escrit\u00f3rio de liga\u00e7\u00f5es com o Sul na cidade fronteiri\u00e7a de Kaesong, anunciou o minist\u00e9rio da Unifica\u00e7\u00e3o, ap\u00f3s dias de cr\u00edticas e amea\u00e7as por parte de Pyongyang.<!--more--><\/p>\n<p style=\"text-align: justify;\">&#8220;A Coreia do Norte explodiu o escrit\u00f3rio de Kaesong \u00e0s 14h49 locais&#8221;, afirma uma mensagem divulgada pelo minist\u00e9rio, respons\u00e1vel pelas rela\u00e7\u00f5es entre as duas Coreias.<\/p>\n<p style=\"text-align: justify;\">Pouco antes, a ag\u00eancia sul-coreana de not\u00edcias Yonhap informou sobre uma explos\u00e3o e uma intensa fuma\u00e7a na \u00e1rea do complexo industrial em que fica o escrit\u00f3rio.<\/p>\n<p style=\"text-align: justify;\">No fim de semana passado Kim Yo Jong, irm\u00e3 do l\u00edder norte-coreano Kim Jong Un, fez amea\u00e7as contra o local.<\/p>\n<p style=\"text-align: justify;\">&#8220;Dentro de pouco tempo, o in\u00fatil escrit\u00f3rio de rela\u00e7\u00f5es entre o Norte e o Sul ser\u00e1 completamente destru\u00eddo&#8221;, afirmou, misteriosamente.<\/p>\n<p style=\"text-align: justify;\"><img fetchpriority=\"high\" decoding=\"async\" class=\"size-thumbnail wp-image-4869 aligncenter\" src=\"https:\/\/www.portalalerta.com.br\/wp-content\/uploads\/2018\/02\/Auto-Escola-Nobre-720x181.jpg\" alt=\"\" width=\"720\" height=\"181\" srcset=\"https:\/\/www.portalalerta.com.br\/wp-content\/uploads\/2018\/02\/Auto-Escola-Nobre.jpg 720w, https:\/\/www.portalalerta.com.br\/wp-content\/uploads\/2018\/02\/Auto-Escola-Nobre-260x65.jpg 260w, https:\/\/www.portalalerta.com.br\/wp-content\/uploads\/2018\/02\/Auto-Escola-Nobre-50x13.jpg 50w, https:\/\/www.portalalerta.com.br\/wp-content\/uploads\/2018\/02\/Auto-Escola-Nobre-150x38.jpg 150w\" sizes=\"(max-width: 720px) 100vw, 720px\" \/>Desde o in\u00edcio do m\u00eas, Pyongyang intensifica os ataques verbais contra Seul, sobretudo contra os desertores norte-coreanos que enviam panfletos de propaganda a partir do Sul contra o Norte, por cima da zona desmilitarizada (DMZ) entre as Coreias.<\/p>\n<p style=\"text-align: justify;\">Na semana passada, o regime norte-coreano anunciou o fechamento dos canais de comunica\u00e7\u00e3o pol\u00edcia e militar com o &#8220;inimigo&#8221; sul-coreano.<\/p>\n<p style=\"text-align: justify;\">Os panfletos, lan\u00e7ados com bal\u00f5es na dire\u00e7\u00e3o do territ\u00f3rio norte-coreano ou dentro de garrafas enviadas pelo rio que estabelece a fronteira, cont\u00eam cr\u00edticas a Kim Jong Un na \u00e1rea dos direitos humanos ou por seu programa nuclear.<\/p>\n<p style=\"text-align: justify;\">Alguns analistas acreditam que Pyongyang tenta provocar uma crise com Seul no momento em que as negocia\u00e7\u00f5es sobre seu programa nuclear est\u00e3o paralisadas.<\/p>\n<p style=\"text-align: justify;\">A Guerra da Coreia (1950-1953) terminou com um armist\u00edcio, n\u00e3o com um acordo de paz, o que significa que os dois vizinhos ainda est\u00e3o, tecnicamente, em guerra.<\/p>\n<p style=\"text-align: justify;\">Mais cedo, o ex\u00e9rcito norte-coreano afirmou que &#8220;totalmente preparado&#8221; para atuar contra a Coreia do Sul.<\/p>\n<p style=\"text-align: justify;\">O Estado-Maior do Ex\u00e9rcito Popular da Coreia anunciou que trabalha em um &#8220;plano de a\u00e7\u00e3o para transformar em fortaleza a linha de frente&#8221;, informou a ag\u00eancia oficial norte-coreana KCNA.<\/p>\n<p style=\"text-align: justify;\">Esta medida implicaria a reocupa\u00e7\u00e3o de zonas que estavam desmilitarizadas em virtude de um acordo intercoreano.<\/p>\n<p style=\"text-align: justify;\">A imprensa sul-coreana indica que isto poderia significar a reinstala\u00e7\u00e3o de postos de fronteira que os dois vizinhos decidiram retirar em 2018.<\/p>\n<p style=\"text-align: justify;\"><em>Fonte: Yahoo Not\u00edcias<\/em><\/p>\n","protected":false},"excerpt":{"rendered":"<p>A Coreia do Norte explodiu nesta ter\u00e7a-feira (16) o escrit\u00f3rio de liga\u00e7\u00f5es com o Sul na cidade fronteiri\u00e7a de Kaesong, anunciou o minist\u00e9rio da Unifica\u00e7\u00e3o, ap\u00f3s dias de cr\u00edticas e amea\u00e7as por parte de Pyongyang.<\/p>\n","protected":false},"author":2,"featured_media":25549,"comment_status":"open","ping_status":"open","sticky":false,"template":"","format":"standard","meta":{"om_disable_all_campaigns":false,"_monsterinsights_skip_tracking":false,"_monsterinsights_sitenote_active":false,"_monsterinsights_sitenote_note":"","_monsterinsights_sitenote_category":0,"footnotes":""},"categories":[70,35,69,21],"tags":[340,341,113,199],"class_list":["post-25548","post","type-post","status-publish","format-standard","has-post-thumbnail","hentry","category-destaques","category-mundo","category-noticias2","category-politica","tag-coreia-do-norte","tag-coreia-do-sul","tag-explosao","tag-politica"],"aioseo_notices":[],"_links":{"self":[{"href":"https:\/\/www.portalalerta.com.br\/index.php\/wp-json\/wp\/v2\/posts\/25548","targetHints":{"allow":["GET"]}}],"collection":[{"href":"https:\/\/www.portalalerta.com.br\/index.php\/wp-json\/wp\/v2\/posts"}],"about":[{"href":"https:\/\/www.portalalerta.com.br\/index.php\/wp-json\/wp\/v2\/types\/post"}],"author":[{"embeddable":true,"href":"https:\/\/www.portalalerta.com.br\/index.php\/wp-json\/wp\/v2\/users\/2"}],"replies":[{"embeddable":true,"href":"https:\/\/www.portalalerta.com.br\/index.php\/wp-json\/wp\/v2\/comments?post=25548"}],"version-history":[{"count":1,"href":"https:\/\/www.portalalerta.com.br\/index.php\/wp-json\/wp\/v2\/posts\/25548\/revisions"}],"predecessor-version":[{"id":25550,"href":"https:\/\/www.portalalerta.com.br\/index.php\/wp-json\/wp\/v2\/posts\/25548\/revisions\/25550"}],"wp:featuredmedia":[{"embeddable":true,"href":"https:\/\/www.portalalerta.com.br\/index.php\/wp-json\/wp\/v2\/media\/25549"}],"wp:attachment":[{"href":"https:\/\/www.portalalerta.com.br\/index.php\/wp-json\/wp\/v2\/media?parent=25548"}],"wp:term":[{"taxonomy":"category","embeddable":true,"href":"https:\/\/www.portalalerta.com.br\/index.php\/wp-json\/wp\/v2\/categories?post=25548"},{"taxonomy":"post_tag","embeddable":true,"href":"https:\/\/www.portalalerta.com.br\/index.php\/wp-json\/wp\/v2\/tags?post=25548"}],"curies":[{"name":"wp","href":"https:\/\/api.w.org\/{rel}","templated":true}]}}