{"id":25551,"date":"2020-06-16T22:34:59","date_gmt":"2020-06-17T01:34:59","guid":{"rendered":"https:\/\/www.portalalerta.com.br\/?p=25551"},"modified":"2020-06-16T22:34:59","modified_gmt":"2020-06-17T01:34:59","slug":"pandemia-deve-estar-sob-controle-no-brasil-por-volta-de-agosto-estima-ex-ministro-mandetta","status":"publish","type":"post","link":"https:\/\/www.portalalerta.com.br\/index.php\/2020\/06\/16\/pandemia-deve-estar-sob-controle-no-brasil-por-volta-de-agosto-estima-ex-ministro-mandetta\/","title":{"rendered":"Pandemia deve estar sob controle no Brasil por volta de agosto, estima ex-ministro Mandetta"},"content":{"rendered":"<p style=\"text-align: justify;\">O ex-ministro da Sa\u00fade do Brasil, Luiz Henrique Mandetta, afirmou em entrevista ao portal UOL nesta segunda-feira (15) que a pandemia do coronav\u00edrus no pa\u00eds dever\u00e1 ficar \u201csob controle\u201d \u2014 ou seja, achatamento e queda na curva de cont\u00e1gios \u2014 no m\u00eas de agosto.<!--more--><\/p>\n<p style=\"text-align: justify;\">\u201cO Brasil \u00e9 um continente. Eu prefiro dizer que a epidemia brasileira \u00e9 feita de v\u00e1rias cidades com epidemias em momentos diferentes. O somat\u00f3rio disso tudo, no final da hist\u00f3ria, \u00e9 que poderemos falar que a epidemia brasileira se comportou assim. Eu falei nas coletivas que seriam 20 semanas muito duras, \u2018vai separar menino de homem\u2019. Vinte semanas, se parte de mar\u00e7o, a gente est\u00e1 falando de at\u00e9 agosto. Neste delta de tempo, at\u00e9 agosto, vamos estar voltando pros n\u00fameros mais pr\u00f3ximos do normal. \u00c9 a impress\u00e3o que a gente tem\u201d, estimou o ex-ministro.<\/p>\n<p style=\"text-align: justify;\"><img fetchpriority=\"high\" decoding=\"async\" class=\"size-thumbnail wp-image-25012 aligncenter\" src=\"https:\/\/www.portalalerta.com.br\/wp-content\/uploads\/2020\/06\/real-acordo.1-720x92.jpg\" alt=\"\" width=\"720\" height=\"92\" \/>Mandetta tamb\u00e9m bateu na quest\u00e3o do descompromisso do governo federal com a favela e com os mais pobres, aquele que segundo ele s\u00e3o mais afetados pelas consequ\u00eancias da pandemia, tanto no tocanta \u00e0 quest\u00e3o sanit\u00e1ria quanto na economia.<\/p>\n<p style=\"text-align: justify;\">\u201cNo Brasil, tem informalidade, em termo de economia, muito dura a realidade do brasileiro. A favela \u2014 falar de quarentena com seis pessoas por barraco, aquelas vielas \u2014 \u00e9 uma das maiores incid\u00eancias mundiais de tuberculose, porque n\u00e3o tem esgoto, energia. Falar de isolamento no Brasil \u00e9 muito complicado, porque a gente acaba falando para uma classe social. Nosso descompromisso achando que favela \u00e9 coisa cultural. De rom\u00e2ntico, n\u00e3o tem nada. O que est\u00e1 apresentando agora \u00e9 fatura. Est\u00e1 faltando sensibilidade\u201d, finalizou.<\/p>\n<p style=\"text-align: justify;\"><em>Fonte: Gazeta do Mel<\/em><\/p>\n","protected":false},"excerpt":{"rendered":"<p>O ex-ministro da Sa\u00fade do Brasil, Luiz Henrique Mandetta, afirmou em entrevista ao portal UOL nesta segunda-feira (15) que a pandemia do coronav\u00edrus no pa\u00eds dever\u00e1 ficar \u201csob controle\u201d \u2014 ou seja, achatamento e queda na curva de cont\u00e1gios \u2014 no m\u00eas de agosto.<\/p>\n","protected":false},"author":2,"featured_media":22766,"comment_status":"open","ping_status":"open","sticky":false,"template":"","format":"standard","meta":{"om_disable_all_campaigns":false,"_monsterinsights_skip_tracking":false,"_monsterinsights_sitenote_active":false,"_monsterinsights_sitenote_note":"","_monsterinsights_sitenote_category":0,"footnotes":""},"categories":[34,70,69,19],"tags":[3429,3486,541,1884,61],"class_list":["post-25551","post","type-post","status-publish","format-standard","has-post-thumbnail","hentry","category-brasil","category-destaques","category-noticias2","category-saude","tag-coronavirus","tag-covid-19","tag-ex-ministro","tag-luiz-henrique-mandetta","tag-saude"],"aioseo_notices":[],"_links":{"self":[{"href":"https:\/\/www.portalalerta.com.br\/index.php\/wp-json\/wp\/v2\/posts\/25551","targetHints":{"allow":["GET"]}}],"collection":[{"href":"https:\/\/www.portalalerta.com.br\/index.php\/wp-json\/wp\/v2\/posts"}],"about":[{"href":"https:\/\/www.portalalerta.com.br\/index.php\/wp-json\/wp\/v2\/types\/post"}],"author":[{"embeddable":true,"href":"https:\/\/www.portalalerta.com.br\/index.php\/wp-json\/wp\/v2\/users\/2"}],"replies":[{"embeddable":true,"href":"https:\/\/www.portalalerta.com.br\/index.php\/wp-json\/wp\/v2\/comments?post=25551"}],"version-history":[{"count":1,"href":"https:\/\/www.portalalerta.com.br\/index.php\/wp-json\/wp\/v2\/posts\/25551\/revisions"}],"predecessor-version":[{"id":25552,"href":"https:\/\/www.portalalerta.com.br\/index.php\/wp-json\/wp\/v2\/posts\/25551\/revisions\/25552"}],"wp:featuredmedia":[{"embeddable":true,"href":"https:\/\/www.portalalerta.com.br\/index.php\/wp-json\/wp\/v2\/media\/22766"}],"wp:attachment":[{"href":"https:\/\/www.portalalerta.com.br\/index.php\/wp-json\/wp\/v2\/media?parent=25551"}],"wp:term":[{"taxonomy":"category","embeddable":true,"href":"https:\/\/www.portalalerta.com.br\/index.php\/wp-json\/wp\/v2\/categories?post=25551"},{"taxonomy":"post_tag","embeddable":true,"href":"https:\/\/www.portalalerta.com.br\/index.php\/wp-json\/wp\/v2\/tags?post=25551"}],"curies":[{"name":"wp","href":"https:\/\/api.w.org\/{rel}","templated":true}]}}