{"id":25553,"date":"2020-06-16T22:38:44","date_gmt":"2020-06-17T01:38:44","guid":{"rendered":"https:\/\/www.portalalerta.com.br\/?p=25553"},"modified":"2020-06-16T22:46:32","modified_gmt":"2020-06-17T01:46:32","slug":"com-aumento-de-casos-de-covid-19-novo-decreto-determina-fechamento-de-comercio-e-suspensao-da-feira-livre-em-ribeira-do-pombal-ba","status":"publish","type":"post","link":"https:\/\/www.portalalerta.com.br\/index.php\/2020\/06\/16\/com-aumento-de-casos-de-covid-19-novo-decreto-determina-fechamento-de-comercio-e-suspensao-da-feira-livre-em-ribeira-do-pombal-ba\/","title":{"rendered":"Com aumento de casos de Covid-19, novo decreto determina fechamento de com\u00e9rcio, e suspens\u00e3o da feira livre, em Ribeira do Pombal-BA"},"content":{"rendered":"<p style=\"text-align: justify;\">Ap\u00f3s a divulga\u00e7\u00e3o de 14 novos casos de Covid-19 (Coronav\u00edrus), em Ribeira do Pombal-BA, o prefeito da cidade, Ricardo Maia, publicou no Di\u00e1rio Oficial o Decreto N\u00ba 049, em que imp\u00f5e restri\u00e7\u00f5es a abertura de estabelecimentos comerciais, bem como estabelece medidas preventivas ao cont\u00e1gio e dissemina\u00e7\u00e3o da doen\u00e7a.<!--more--><\/p>\n<p style=\"text-align: justify;\"><img fetchpriority=\"high\" decoding=\"async\" class=\"size-thumbnail wp-image-9394 alignleft\" src=\"https:\/\/www.portalalerta.com.br\/wp-content\/uploads\/2018\/07\/05elab-320x240.jpg\" alt=\"\" width=\"320\" height=\"240\" srcset=\"https:\/\/www.portalalerta.com.br\/wp-content\/uploads\/2018\/07\/05elab-320x240.jpg 320w, https:\/\/www.portalalerta.com.br\/wp-content\/uploads\/2018\/07\/05elab-195x146.jpg 195w, https:\/\/www.portalalerta.com.br\/wp-content\/uploads\/2018\/07\/05elab-50x38.jpg 50w, https:\/\/www.portalalerta.com.br\/wp-content\/uploads\/2018\/07\/05elab-100x75.jpg 100w, https:\/\/www.portalalerta.com.br\/wp-content\/uploads\/2018\/07\/05elab.jpg 400w\" sizes=\"(max-width: 320px) 100vw, 320px\" \/>Entre os estabelecimentos que poder\u00e3o ser abertos ao p\u00fablico, est\u00e3o: Servi\u00e7os e Com\u00e9rcios relativos \u00e1 sa\u00fade; oficinas automotivas e borracharias; farm\u00e1cias, supermercados, a\u00e7ougues, verdur\u00f5es, e padarias; postos de combust\u00edveis, e distribuidoras de \u00e1gua e g\u00e1s. O decreto se estende ainda para a realiza\u00e7\u00e3o das feiras (livre, de animais e confec\u00e7\u00f5es), que ter\u00e3o suas atividades, previstas para ocorrerem nos dias 18 e 19, suspensas.<\/p>\n<p style=\"text-align: justify;\">Al\u00e9m disso, foi revogado o Decreto N\u00ba 048 de 08 de junho, em que regulamentava os cultos religiosos em templos e igrejas da cidade, com presen\u00e7a de fi\u00e9is. <a href=\"http:\/\/doem.org.br\/ba\/ribeiradopombal\/diarios\/previsualizar\/LnNlZkj9?filename=DOE-ba_ribeiradopombal-ed.1.273-ano.8.pdf&amp;_cb=20200608163852?pagina=1\"><strong>Confira aqui o Decreto na \u00edntegra!<\/strong><\/a><\/p>\n<h2 style=\"text-align: justify;\">Covid-19 em Ribeira do Pombal<\/h2>\n<p style=\"text-align: justify;\"><a href=\"https:\/\/www.portalalerta.com.br\/index.php\/2020\/06\/16\/1ribeira-do-pombal-ba-registra-mais-14-casos-de-covid-19-numero-sobe-para-44\/\"><strong>Nesta ter\u00e7a-feira, o munic\u00edpio divulgou a confirma\u00e7\u00e3o de 14 casos, num \u00fanico dia<\/strong><\/a>. Este n\u00famero torna a nona semana, desde o primeiro caso registrado no munic\u00edpio, como o per\u00edodo mais cr\u00edtico, superando a quarta e sexta semana com sete casos\/ cada.<\/p>\n<p style=\"text-align: justify;\">Embora os n\u00fameros sejam assustadores, dos 44 casos confirmados, 27 j\u00e1 foram curados, com um percentual de cura de 61%.; e uma morte (2%). Por outro lado, o que preocupa, e que talvez tenha motivado o Novo Decreto, \u00e9 justamente o n\u00famero de casos ativos, que at\u00e9 ent\u00e3o, eram apenas 05, passando a contabilizar 16, o que representa um aumento de 220%.<\/p>\n<p style=\"text-align: justify;\">J\u00e1 na noite do mesmo dia, a Secretaria de Sa\u00fade divulgou a distribui\u00e7\u00e3o dos casos, da seguinte forma: <strong>Bairro Vila Oper\u00e1ria (01), Distrito Vila Rodrigues (09), Zona Oeste (01), Fazenda Manteiga (02), Bairro Pescador (02), e Bairro Pedro Tiburcio (01).<\/strong><\/p>\n<p style=\"text-align: justify;\"><a href=\"https:\/\/www.portalalerta.com.br\/index.php\/2020\/05\/26\/saiba-como-esta-a-evolucao-do-covid-19-em-ribeira-do-pombal-ba\/\"><strong style=\"font-style: inherit;\">Clique aqui e saiba como est\u00e1 a evolu\u00e7\u00e3o do Covid-19 em Ribeira do Pombal-BA<\/strong><\/a><\/p>\n<p style=\"text-align: justify;\"><em style=\"font-weight: inherit;\">Reda\u00e7\u00e3o: Portal Alerta<\/em><\/p>\n<p style=\"text-align: justify;\"><strong style=\"font-style: inherit;\"><em>#fiqueemcasa\u00a0\u00a0\u00a0\u00a0<\/em><\/strong><\/p>\n<p style=\"text-align: justify;\"><strong style=\"font-style: inherit;\"><em>#usemascaras<\/em><\/strong><\/p>\n","protected":false},"excerpt":{"rendered":"<p>Ap\u00f3s a divulga\u00e7\u00e3o de 14 novos casos de Covid-19 (Coronav\u00edrus), em Ribeira do Pombal-BA, o prefeito da cidade, Ricardo Maia, publicou no Di\u00e1rio Oficial o Decreto N\u00ba 049, em que imp\u00f5e restri\u00e7\u00f5es a abertura de estabelecimentos comerciais, bem como estabelece medidas preventivas ao cont\u00e1gio e dissemina\u00e7\u00e3o da doen\u00e7a.<\/p>\n","protected":false},"author":2,"featured_media":23657,"comment_status":"open","ping_status":"open","sticky":false,"template":"","format":"standard","meta":{"om_disable_all_campaigns":false,"_monsterinsights_skip_tracking":false,"_monsterinsights_sitenote_active":false,"_monsterinsights_sitenote_note":"","_monsterinsights_sitenote_category":0,"footnotes":""},"categories":[70,69,32,3,19],"tags":[3429,3486,2991,47,61],"class_list":["post-25553","post","type-post","status-publish","format-standard","has-post-thumbnail","hentry","category-destaques","category-noticias2","category-regiao","category-ribeira-do-pombal","category-saude","tag-coronavirus","tag-covid-19","tag-decreto-municipal","tag-ribeira-do-pombal","tag-saude"],"aioseo_notices":[],"_links":{"self":[{"href":"https:\/\/www.portalalerta.com.br\/index.php\/wp-json\/wp\/v2\/posts\/25553","targetHints":{"allow":["GET"]}}],"collection":[{"href":"https:\/\/www.portalalerta.com.br\/index.php\/wp-json\/wp\/v2\/posts"}],"about":[{"href":"https:\/\/www.portalalerta.com.br\/index.php\/wp-json\/wp\/v2\/types\/post"}],"author":[{"embeddable":true,"href":"https:\/\/www.portalalerta.com.br\/index.php\/wp-json\/wp\/v2\/users\/2"}],"replies":[{"embeddable":true,"href":"https:\/\/www.portalalerta.com.br\/index.php\/wp-json\/wp\/v2\/comments?post=25553"}],"version-history":[{"count":3,"href":"https:\/\/www.portalalerta.com.br\/index.php\/wp-json\/wp\/v2\/posts\/25553\/revisions"}],"predecessor-version":[{"id":25556,"href":"https:\/\/www.portalalerta.com.br\/index.php\/wp-json\/wp\/v2\/posts\/25553\/revisions\/25556"}],"wp:featuredmedia":[{"embeddable":true,"href":"https:\/\/www.portalalerta.com.br\/index.php\/wp-json\/wp\/v2\/media\/23657"}],"wp:attachment":[{"href":"https:\/\/www.portalalerta.com.br\/index.php\/wp-json\/wp\/v2\/media?parent=25553"}],"wp:term":[{"taxonomy":"category","embeddable":true,"href":"https:\/\/www.portalalerta.com.br\/index.php\/wp-json\/wp\/v2\/categories?post=25553"},{"taxonomy":"post_tag","embeddable":true,"href":"https:\/\/www.portalalerta.com.br\/index.php\/wp-json\/wp\/v2\/tags?post=25553"}],"curies":[{"name":"wp","href":"https:\/\/api.w.org\/{rel}","templated":true}]}}